

{"id":2793,"date":"2024-09-18T20:00:57","date_gmt":"2024-09-18T20:00:57","guid":{"rendered":"https:\/\/www.uajms.edu.bo\/relinter\/?p=2793"},"modified":"2024-09-18T20:01:00","modified_gmt":"2024-09-18T20:01:00","slug":"charla-informativa-de-becas-academicas-de-la-fundacion-carolina-la-aecid-e-informacion-de-convenios","status":"publish","type":"post","link":"https:\/\/www.uajms.edu.bo\/relinter\/2024\/09\/18\/charla-informativa-de-becas-academicas-de-la-fundacion-carolina-la-aecid-e-informacion-de-convenios\/","title":{"rendered":"CHARLA INFORMATIVA DE BECAS ACAD\u00c9MICAS DE LA FUNDACI\u00d3N CAROLINA, LA AECID E INFORMACI\u00d3N DE CONVENIOS"},"content":{"rendered":"\n<p>Socializaci\u00f3n de Becas en la UAJMS<\/p>\n\n\n\n<p>La charla se realiz\u00f3 el pasado 2 de septiembre en el Auditorio \u00abEnrique Castellanos\u00bb de la Facultad de Humanidades, con una masiva participaci\u00f3n de estudiantes, docentes e interesados, se ofreci\u00f3 informaci\u00f3n a detalle de las becas acad\u00e9micas ofrecidas por la Fundaci\u00f3n Carolina, la Agencia Espa\u00f1ola de Cooperaci\u00f3n Internacional para el Desarrollo &#8211; <a href=\"https:\/\/www.facebook.com\/Aecid.es?__cft__[0]=AZWfxKs3NeLrr98OUQTKaRVOy20_oyAXGkO6AcfVucxPrSAEM7jcAeT5CbeALQdsDnID4Ui8eqFFFmHPWJc1Uamq8Vw2ckxax5xnaQ1Ky2HFWTg7o_QZKMfW5escr2sYGCna5AJggc4xxd3JtV8p4GLhyqaRBWTgTHCxtbN1ljdVf-RhwWbTYw4m3s9OvsSChmUatlkIXCmizVelA-QvmmdYdDGa7yE9l1bArwry5dJijQ&amp;__tn__=-]K-y-R\">AECID<\/a> e informaci\u00f3n de convenios vigentes que benefician a la Comunidad universitaria. <\/p>\n\n\n\n<p>Las diapositivas de la charla lo puedes encontrar en el siguiente Link: <a rel=\"noreferrer noopener\" href=\"https:\/\/drive.google.com\/drive\/folders\/1KgnAMXq21cU--hFfxUuY4LzNJ_ITe8Qm?fbclid=IwZXh0bgNhZW0CMTAAAR2NpryuBwnMVc7jZC1L8YpbIY4Fci2eCW6Ohdcx6Txps5f8Xb62b8DiYCg_aem_WpnPFXhR1As6BRl64sTAyg\" target=\"_blank\">https:\/\/drive.google.com\/&#8230;\/1KgnAMXq21cU&#8211;hFfxUuY4LzNJ&#8230;<\/a><\/p>\n\n\n\n<p><\/p>\n","protected":false},"excerpt":{"rendered":"<p>Socializaci\u00f3n de Becas en la UAJMS La charla se realiz\u00f3 el pasado 2 de septiembre en el Auditorio \u00abEnrique Castellanos\u00bb de la Facultad de Humanidades, con una masiva participaci\u00f3n de [&hellip;]<\/p>\n","protected":false},"author":160,"featured_media":0,"comment_status":"open","ping_status":"open","sticky":false,"template":"","format":"standard","meta":{"jetpack_post_was_ever_published":false,"_jetpack_newsletter_access":"","_jetpack_dont_email_post_to_subs":false,"_jetpack_newsletter_tier_id":0,"_jetpack_memberships_contains_paywalled_content":false,"_jetpack_memberships_contains_paid_content":false,"_joinchat":[],"footnotes":"","jetpack_publicize_message":"","jetpack_publicize_feature_enabled":true,"jetpack_social_post_already_shared":true,"jetpack_social_options":{"image_generator_settings":{"template":"highway","default_image_id":0,"font":"","enabled":false},"version":2}},"categories":[30],"tags":[],"class_list":["post-2793","post","type-post","status-publish","format-standard","hentry","category-noticias-2024"],"views":498,"jetpack_publicize_connections":[],"jetpack_featured_media_url":"","jetpack_sharing_enabled":true,"jetpack_shortlink":"https:\/\/wp.me\/p9RQ1j-J3","publishpress_future_action":{"enabled":false,"date":"2026-05-08 07:20:03","action":"change-status","newStatus":"draft","terms":[],"taxonomy":"category","extraData":[]},"publishpress_future_workflow_manual_trigger":{"enabledWorkflows":[]},"_links":{"self":[{"href":"https:\/\/www.uajms.edu.bo\/relinter\/wp-json\/wp\/v2\/posts\/2793","targetHints":{"allow":["GET"]}}],"collection":[{"href":"https:\/\/www.uajms.edu.bo\/relinter\/wp-json\/wp\/v2\/posts"}],"about":[{"href":"https:\/\/www.uajms.edu.bo\/relinter\/wp-json\/wp\/v2\/types\/post"}],"author":[{"embeddable":true,"href":"https:\/\/www.uajms.edu.bo\/relinter\/wp-json\/wp\/v2\/users\/160"}],"replies":[{"embeddable":true,"href":"https:\/\/www.uajms.edu.bo\/relinter\/wp-json\/wp\/v2\/comments?post=2793"}],"version-history":[{"count":1,"href":"https:\/\/www.uajms.edu.bo\/relinter\/wp-json\/wp\/v2\/posts\/2793\/revisions"}],"predecessor-version":[{"id":2797,"href":"https:\/\/www.uajms.edu.bo\/relinter\/wp-json\/wp\/v2\/posts\/2793\/revisions\/2797"}],"wp:attachment":[{"href":"https:\/\/www.uajms.edu.bo\/relinter\/wp-json\/wp\/v2\/media?parent=2793"}],"wp:term":[{"taxonomy":"category","embeddable":true,"href":"https:\/\/www.uajms.edu.bo\/relinter\/wp-json\/wp\/v2\/categories?post=2793"},{"taxonomy":"post_tag","embeddable":true,"href":"https:\/\/www.uajms.edu.bo\/relinter\/wp-json\/wp\/v2\/tags?post=2793"}],"curies":[{"name":"wp","href":"https:\/\/api.w.org\/{rel}","templated":true}]}}