

{"id":727,"date":"2013-09-05T18:49:49","date_gmt":"2013-09-05T18:49:49","guid":{"rendered":"http:\/\/fciv.ws.uajms.edu.bo\/?p=727"},"modified":"2013-09-05T18:49:49","modified_gmt":"2013-09-05T18:49:49","slug":"llego-equipamiento-informatico-y-educacional-a-estrenar","status":"publish","type":"post","link":"https:\/\/www.uajms.edu.bo\/fciv\/2013\/09\/05\/llego-equipamiento-informatico-y-educacional-a-estrenar\/","title":{"rendered":"Lleg\u00f3 equipamiento inform\u00e1tico y educacional a estrenar"},"content":{"rendered":"<p>Jueves, 29 de agosto de 2013.<\/p>\n<p style=\"text-align: justify\">LLeg\u00f3 equipamiento inform\u00e1tico y educacional nuevo, conforme al proyecto denominado \u00abPROYECTO: Dotar equipamiento mobiliario, inform\u00e1tico y educacional 1er. bloque Campus Universitario Villa Montes\u00bb. La comisi\u00f3n de recepci\u00f3n estuvo conformada por el Dr. Juan Carlos Soruco Retamoso, el Ing. Jos\u00e9 Ramiro Lea\u00f1o Sanabria, el Ing. Vladimir Calle Chav\u00e9z y el Ing. Juan Carlos Mamani Mariaca, quienes dieron conformidad a todo el material.<br \/>\n<a href=\"http:\/\/www.uajms.edu.bo\/fciv\/wp-content\/uploads\/sites\/9\/2013\/09\/Recepcion2.jpg\"><img fetchpriority=\"high\" decoding=\"async\" class=\"aligncenter size-large wp-image-744\" title=\"Recepcion\" src=\"http:\/\/www.uajms.edu.bo\/fciv\/wp-content\/uploads\/sites\/9\/2013\/09\/Recepcion2-1024x539.jpg\" alt=\"\" width=\"1024\" height=\"539\" \/><\/a><\/p>\n","protected":false},"excerpt":{"rendered":"<p>Jueves, 29 de agosto de 2013. LLeg\u00f3 equipamiento inform\u00e1tico y educacional nuevo, conforme al proyecto denominado \u00abPROYECTO: Dotar equipamiento mobiliario, inform\u00e1tico y educacional 1er. bloque Campus Universitario Villa Montes\u00bb. La comisi\u00f3n de recepci\u00f3n estuvo conformada por el Dr. Juan Carlos &hellip; <a href=\"https:\/\/www.uajms.edu.bo\/fciv\/2013\/09\/05\/llego-equipamiento-informatico-y-educacional-a-estrenar\/\">Sigue leyendo <span class=\"meta-nav\">&rarr;<\/span><\/a><\/p>\n","protected":false},"author":6,"featured_media":754,"comment_status":"open","ping_status":"open","sticky":false,"template":"","format":"standard","meta":{"_joinchat":[],"footnotes":""},"categories":[5],"tags":[],"class_list":["post-727","post","type-post","status-publish","format-standard","has-post-thumbnail","hentry","category-noticias"],"views":590,"yoast_head":"<!-- This site is optimized with the Yoast SEO plugin v27.3 - https:\/\/yoast.com\/product\/yoast-seo-wordpress\/ -->\n<title>Lleg\u00f3 equipamiento inform\u00e1tico y educacional a estrenar - Facultad de Ciencias Integradas de Villa Montes<\/title>\n<meta name=\"robots\" content=\"index, follow, max-snippet:-1, max-image-preview:large, max-video-preview:-1\" \/>\n<link rel=\"canonical\" href=\"https:\/\/www.uajms.edu.bo\/fciv\/2013\/09\/05\/llego-equipamiento-informatico-y-educacional-a-estrenar\/\" \/>\n<meta property=\"og:locale\" content=\"es_ES\" \/>\n<meta property=\"og:type\" content=\"article\" \/>\n<meta property=\"og:title\" content=\"Lleg\u00f3 equipamiento inform\u00e1tico y educacional a estrenar - Facultad de Ciencias Integradas de Villa Montes\" \/>\n<meta property=\"og:description\" content=\"Jueves, 29 de agosto de 2013. LLeg\u00f3 equipamiento inform\u00e1tico y educacional nuevo, conforme al proyecto denominado \u00abPROYECTO: Dotar equipamiento mobiliario, inform\u00e1tico y educacional 1er. bloque Campus Universitario Villa Montes\u00bb. La comisi\u00f3n de recepci\u00f3n estuvo conformada por el Dr. Juan Carlos &hellip; Sigue leyendo &rarr;\" \/>\n<meta property=\"og:url\" content=\"https:\/\/www.uajms.edu.bo\/fciv\/2013\/09\/05\/llego-equipamiento-informatico-y-educacional-a-estrenar\/\" \/>\n<meta property=\"og:site_name\" content=\"Facultad de Ciencias Integradas de Villa Montes\" \/>\n<meta property=\"article:published_time\" content=\"2013-09-05T18:49:49+00:00\" \/>\n<meta property=\"og:image\" content=\"https:\/\/www.uajms.edu.bo\/fciv\/wp-content\/uploads\/sites\/9\/2013\/09\/equipo.jpg\" \/>\n\t<meta property=\"og:image:width\" content=\"230\" \/>\n\t<meta property=\"og:image:height\" content=\"100\" \/>\n\t<meta property=\"og:image:type\" content=\"image\/jpeg\" \/>\n<meta name=\"twitter:card\" content=\"summary_large_image\" \/>\n<meta name=\"twitter:label1\" content=\"Escrito por\" \/>\n\t<meta name=\"twitter:data1\" content=\"\" \/>\n<script type=\"application\/ld+json\" class=\"yoast-schema-graph\">{\"@context\":\"https:\\\/\\\/schema.org\",\"@graph\":[{\"@type\":\"Article\",\"@id\":\"https:\\\/\\\/www.uajms.edu.bo\\\/fciv\\\/2013\\\/09\\\/05\\\/llego-equipamiento-informatico-y-educacional-a-estrenar\\\/#article\",\"isPartOf\":{\"@id\":\"https:\\\/\\\/www.uajms.edu.bo\\\/fciv\\\/2013\\\/09\\\/05\\\/llego-equipamiento-informatico-y-educacional-a-estrenar\\\/\"},\"author\":{\"name\":\"\",\"@id\":\"\"},\"headline\":\"Lleg\u00f3 equipamiento inform\u00e1tico y educacional a estrenar\",\"datePublished\":\"2013-09-05T18:49:49+00:00\",\"mainEntityOfPage\":{\"@id\":\"https:\\\/\\\/www.uajms.edu.bo\\\/fciv\\\/2013\\\/09\\\/05\\\/llego-equipamiento-informatico-y-educacional-a-estrenar\\\/\"},\"wordCount\":79,\"commentCount\":0,\"image\":{\"@id\":\"https:\\\/\\\/www.uajms.edu.bo\\\/fciv\\\/2013\\\/09\\\/05\\\/llego-equipamiento-informatico-y-educacional-a-estrenar\\\/#primaryimage\"},\"thumbnailUrl\":\"https:\\\/\\\/www.uajms.edu.bo\\\/fciv\\\/wp-content\\\/uploads\\\/sites\\\/9\\\/2013\\\/09\\\/equipo.jpg\",\"articleSection\":[\"NOTICIAS\"],\"inLanguage\":\"es\",\"potentialAction\":[{\"@type\":\"CommentAction\",\"name\":\"Comment\",\"target\":[\"https:\\\/\\\/www.uajms.edu.bo\\\/fciv\\\/2013\\\/09\\\/05\\\/llego-equipamiento-informatico-y-educacional-a-estrenar\\\/#respond\"]}]},{\"@type\":\"WebPage\",\"@id\":\"https:\\\/\\\/www.uajms.edu.bo\\\/fciv\\\/2013\\\/09\\\/05\\\/llego-equipamiento-informatico-y-educacional-a-estrenar\\\/\",\"url\":\"https:\\\/\\\/www.uajms.edu.bo\\\/fciv\\\/2013\\\/09\\\/05\\\/llego-equipamiento-informatico-y-educacional-a-estrenar\\\/\",\"name\":\"Lleg\u00f3 equipamiento inform\u00e1tico y educacional a estrenar - Facultad de Ciencias Integradas de Villa Montes\",\"isPartOf\":{\"@id\":\"https:\\\/\\\/www.uajms.edu.bo\\\/fciv\\\/#website\"},\"primaryImageOfPage\":{\"@id\":\"https:\\\/\\\/www.uajms.edu.bo\\\/fciv\\\/2013\\\/09\\\/05\\\/llego-equipamiento-informatico-y-educacional-a-estrenar\\\/#primaryimage\"},\"image\":{\"@id\":\"https:\\\/\\\/www.uajms.edu.bo\\\/fciv\\\/2013\\\/09\\\/05\\\/llego-equipamiento-informatico-y-educacional-a-estrenar\\\/#primaryimage\"},\"thumbnailUrl\":\"https:\\\/\\\/www.uajms.edu.bo\\\/fciv\\\/wp-content\\\/uploads\\\/sites\\\/9\\\/2013\\\/09\\\/equipo.jpg\",\"datePublished\":\"2013-09-05T18:49:49+00:00\",\"author\":{\"@id\":\"\"},\"breadcrumb\":{\"@id\":\"https:\\\/\\\/www.uajms.edu.bo\\\/fciv\\\/2013\\\/09\\\/05\\\/llego-equipamiento-informatico-y-educacional-a-estrenar\\\/#breadcrumb\"},\"inLanguage\":\"es\",\"potentialAction\":[{\"@type\":\"ReadAction\",\"target\":[\"https:\\\/\\\/www.uajms.edu.bo\\\/fciv\\\/2013\\\/09\\\/05\\\/llego-equipamiento-informatico-y-educacional-a-estrenar\\\/\"]}]},{\"@type\":\"ImageObject\",\"inLanguage\":\"es\",\"@id\":\"https:\\\/\\\/www.uajms.edu.bo\\\/fciv\\\/2013\\\/09\\\/05\\\/llego-equipamiento-informatico-y-educacional-a-estrenar\\\/#primaryimage\",\"url\":\"https:\\\/\\\/www.uajms.edu.bo\\\/fciv\\\/wp-content\\\/uploads\\\/sites\\\/9\\\/2013\\\/09\\\/equipo.jpg\",\"contentUrl\":\"https:\\\/\\\/www.uajms.edu.bo\\\/fciv\\\/wp-content\\\/uploads\\\/sites\\\/9\\\/2013\\\/09\\\/equipo.jpg\",\"width\":230,\"height\":100},{\"@type\":\"BreadcrumbList\",\"@id\":\"https:\\\/\\\/www.uajms.edu.bo\\\/fciv\\\/2013\\\/09\\\/05\\\/llego-equipamiento-informatico-y-educacional-a-estrenar\\\/#breadcrumb\",\"itemListElement\":[{\"@type\":\"ListItem\",\"position\":1,\"name\":\"Home\",\"item\":\"https:\\\/\\\/www.uajms.edu.bo\\\/fciv\\\/\"},{\"@type\":\"ListItem\",\"position\":2,\"name\":\"Lleg\u00f3 equipamiento inform\u00e1tico y educacional a estrenar\"}]},{\"@type\":\"WebSite\",\"@id\":\"https:\\\/\\\/www.uajms.edu.bo\\\/fciv\\\/#website\",\"url\":\"https:\\\/\\\/www.uajms.edu.bo\\\/fciv\\\/\",\"name\":\"Facultad de Ciencias Integradas de Villa Montes\",\"description\":\"FCIVM\",\"potentialAction\":[{\"@type\":\"SearchAction\",\"target\":{\"@type\":\"EntryPoint\",\"urlTemplate\":\"https:\\\/\\\/www.uajms.edu.bo\\\/fciv\\\/?s={search_term_string}\"},\"query-input\":{\"@type\":\"PropertyValueSpecification\",\"valueRequired\":true,\"valueName\":\"search_term_string\"}}],\"inLanguage\":\"es\"},{\"@type\":\"Person\",\"@id\":\"\",\"url\":\"https:\\\/\\\/www.uajms.edu.bo\\\/fciv\\\/author\\\/\"}]}<\/script>\n<!-- \/ Yoast SEO plugin. -->","yoast_head_json":{"title":"Lleg\u00f3 equipamiento inform\u00e1tico y educacional a estrenar - Facultad de Ciencias Integradas de Villa Montes","robots":{"index":"index","follow":"follow","max-snippet":"max-snippet:-1","max-image-preview":"max-image-preview:large","max-video-preview":"max-video-preview:-1"},"canonical":"https:\/\/www.uajms.edu.bo\/fciv\/2013\/09\/05\/llego-equipamiento-informatico-y-educacional-a-estrenar\/","og_locale":"es_ES","og_type":"article","og_title":"Lleg\u00f3 equipamiento inform\u00e1tico y educacional a estrenar - Facultad de Ciencias Integradas de Villa Montes","og_description":"Jueves, 29 de agosto de 2013. LLeg\u00f3 equipamiento inform\u00e1tico y educacional nuevo, conforme al proyecto denominado \u00abPROYECTO: Dotar equipamiento mobiliario, inform\u00e1tico y educacional 1er. bloque Campus Universitario Villa Montes\u00bb. La comisi\u00f3n de recepci\u00f3n estuvo conformada por el Dr. Juan Carlos &hellip; Sigue leyendo &rarr;","og_url":"https:\/\/www.uajms.edu.bo\/fciv\/2013\/09\/05\/llego-equipamiento-informatico-y-educacional-a-estrenar\/","og_site_name":"Facultad de Ciencias Integradas de Villa Montes","article_published_time":"2013-09-05T18:49:49+00:00","og_image":[{"width":230,"height":100,"url":"https:\/\/www.uajms.edu.bo\/fciv\/wp-content\/uploads\/sites\/9\/2013\/09\/equipo.jpg","type":"image\/jpeg"}],"twitter_card":"summary_large_image","twitter_misc":{"Escrito por":""},"schema":{"@context":"https:\/\/schema.org","@graph":[{"@type":"Article","@id":"https:\/\/www.uajms.edu.bo\/fciv\/2013\/09\/05\/llego-equipamiento-informatico-y-educacional-a-estrenar\/#article","isPartOf":{"@id":"https:\/\/www.uajms.edu.bo\/fciv\/2013\/09\/05\/llego-equipamiento-informatico-y-educacional-a-estrenar\/"},"author":{"name":"","@id":""},"headline":"Lleg\u00f3 equipamiento inform\u00e1tico y educacional a estrenar","datePublished":"2013-09-05T18:49:49+00:00","mainEntityOfPage":{"@id":"https:\/\/www.uajms.edu.bo\/fciv\/2013\/09\/05\/llego-equipamiento-informatico-y-educacional-a-estrenar\/"},"wordCount":79,"commentCount":0,"image":{"@id":"https:\/\/www.uajms.edu.bo\/fciv\/2013\/09\/05\/llego-equipamiento-informatico-y-educacional-a-estrenar\/#primaryimage"},"thumbnailUrl":"https:\/\/www.uajms.edu.bo\/fciv\/wp-content\/uploads\/sites\/9\/2013\/09\/equipo.jpg","articleSection":["NOTICIAS"],"inLanguage":"es","potentialAction":[{"@type":"CommentAction","name":"Comment","target":["https:\/\/www.uajms.edu.bo\/fciv\/2013\/09\/05\/llego-equipamiento-informatico-y-educacional-a-estrenar\/#respond"]}]},{"@type":"WebPage","@id":"https:\/\/www.uajms.edu.bo\/fciv\/2013\/09\/05\/llego-equipamiento-informatico-y-educacional-a-estrenar\/","url":"https:\/\/www.uajms.edu.bo\/fciv\/2013\/09\/05\/llego-equipamiento-informatico-y-educacional-a-estrenar\/","name":"Lleg\u00f3 equipamiento inform\u00e1tico y educacional a estrenar - Facultad de Ciencias Integradas de Villa Montes","isPartOf":{"@id":"https:\/\/www.uajms.edu.bo\/fciv\/#website"},"primaryImageOfPage":{"@id":"https:\/\/www.uajms.edu.bo\/fciv\/2013\/09\/05\/llego-equipamiento-informatico-y-educacional-a-estrenar\/#primaryimage"},"image":{"@id":"https:\/\/www.uajms.edu.bo\/fciv\/2013\/09\/05\/llego-equipamiento-informatico-y-educacional-a-estrenar\/#primaryimage"},"thumbnailUrl":"https:\/\/www.uajms.edu.bo\/fciv\/wp-content\/uploads\/sites\/9\/2013\/09\/equipo.jpg","datePublished":"2013-09-05T18:49:49+00:00","author":{"@id":""},"breadcrumb":{"@id":"https:\/\/www.uajms.edu.bo\/fciv\/2013\/09\/05\/llego-equipamiento-informatico-y-educacional-a-estrenar\/#breadcrumb"},"inLanguage":"es","potentialAction":[{"@type":"ReadAction","target":["https:\/\/www.uajms.edu.bo\/fciv\/2013\/09\/05\/llego-equipamiento-informatico-y-educacional-a-estrenar\/"]}]},{"@type":"ImageObject","inLanguage":"es","@id":"https:\/\/www.uajms.edu.bo\/fciv\/2013\/09\/05\/llego-equipamiento-informatico-y-educacional-a-estrenar\/#primaryimage","url":"https:\/\/www.uajms.edu.bo\/fciv\/wp-content\/uploads\/sites\/9\/2013\/09\/equipo.jpg","contentUrl":"https:\/\/www.uajms.edu.bo\/fciv\/wp-content\/uploads\/sites\/9\/2013\/09\/equipo.jpg","width":230,"height":100},{"@type":"BreadcrumbList","@id":"https:\/\/www.uajms.edu.bo\/fciv\/2013\/09\/05\/llego-equipamiento-informatico-y-educacional-a-estrenar\/#breadcrumb","itemListElement":[{"@type":"ListItem","position":1,"name":"Home","item":"https:\/\/www.uajms.edu.bo\/fciv\/"},{"@type":"ListItem","position":2,"name":"Lleg\u00f3 equipamiento inform\u00e1tico y educacional a estrenar"}]},{"@type":"WebSite","@id":"https:\/\/www.uajms.edu.bo\/fciv\/#website","url":"https:\/\/www.uajms.edu.bo\/fciv\/","name":"Facultad de Ciencias Integradas de Villa Montes","description":"FCIVM","potentialAction":[{"@type":"SearchAction","target":{"@type":"EntryPoint","urlTemplate":"https:\/\/www.uajms.edu.bo\/fciv\/?s={search_term_string}"},"query-input":{"@type":"PropertyValueSpecification","valueRequired":true,"valueName":"search_term_string"}}],"inLanguage":"es"},{"@type":"Person","@id":"","url":"https:\/\/www.uajms.edu.bo\/fciv\/author\/"}]}},"jetpack_featured_media_url":"https:\/\/www.uajms.edu.bo\/fciv\/wp-content\/uploads\/sites\/9\/2013\/09\/equipo.jpg","publishpress_future_action":{"enabled":false,"date":"2026-05-07 01:33:50","action":"change-status","newStatus":"draft","terms":[],"taxonomy":"category","extraData":[]},"publishpress_future_workflow_manual_trigger":{"enabledWorkflows":[]},"_links":{"self":[{"href":"https:\/\/www.uajms.edu.bo\/fciv\/wp-json\/wp\/v2\/posts\/727","targetHints":{"allow":["GET"]}}],"collection":[{"href":"https:\/\/www.uajms.edu.bo\/fciv\/wp-json\/wp\/v2\/posts"}],"about":[{"href":"https:\/\/www.uajms.edu.bo\/fciv\/wp-json\/wp\/v2\/types\/post"}],"author":[{"embeddable":true,"href":"https:\/\/www.uajms.edu.bo\/fciv\/wp-json\/wp\/v2\/users\/6"}],"replies":[{"embeddable":true,"href":"https:\/\/www.uajms.edu.bo\/fciv\/wp-json\/wp\/v2\/comments?post=727"}],"version-history":[{"count":0,"href":"https:\/\/www.uajms.edu.bo\/fciv\/wp-json\/wp\/v2\/posts\/727\/revisions"}],"wp:featuredmedia":[{"embeddable":true,"href":"https:\/\/www.uajms.edu.bo\/fciv\/wp-json\/wp\/v2\/media\/754"}],"wp:attachment":[{"href":"https:\/\/www.uajms.edu.bo\/fciv\/wp-json\/wp\/v2\/media?parent=727"}],"wp:term":[{"taxonomy":"category","embeddable":true,"href":"https:\/\/www.uajms.edu.bo\/fciv\/wp-json\/wp\/v2\/categories?post=727"},{"taxonomy":"post_tag","embeddable":true,"href":"https:\/\/www.uajms.edu.bo\/fciv\/wp-json\/wp\/v2\/tags?post=727"}],"curies":[{"name":"wp","href":"https:\/\/api.w.org\/{rel}","templated":true}]}}