

{"id":724,"date":"2013-09-03T10:25:29","date_gmt":"2013-09-03T10:25:29","guid":{"rendered":"http:\/\/fciv.ws.uajms.edu.bo\/?p=724"},"modified":"2013-09-03T10:25:29","modified_gmt":"2013-09-03T10:25:29","slug":"inauguracion-de-la-fcivm","status":"publish","type":"post","link":"https:\/\/www.uajms.edu.bo\/fciv\/2013\/09\/03\/inauguracion-de-la-fcivm\/","title":{"rendered":"Inauguraci\u00f3n de la FCIVM"},"content":{"rendered":"<p style=\"text-align: justify\">Viernes, 9 \u00a0de agosto de 2013<\/p>\n<p style=\"text-align: justify\">La inauguraci\u00f3n de la Facultad de Ciencias Integradas Villa Montes fue una realidad, encabezada por la m\u00e1xima autoridad de la Universidad Aut\u00f3noma \u00abJuan Misael Saracho\u00bb el Rector MSC. Ing. Marcelo Hoyos Montecinos, La Decana de la facultad MSC. Dra. Gina Pradel Guzman, el Vice Decano Dr. Juan Carlos Soruco Retamozo y acompa\u00f1ados por autoridades de esta ciudad de Villa Montes, \u00a0estudiantes, docentes, administrativos; se llevo a cabo la solemne inauguraci\u00f3n del primer bloque del Campus Universitario de la UAJMS &#8211; FCIVM. Contando as\u00ed con infraestructura moderna y vanguardista, y con la dotaci\u00f3n de equipamiento mobiliario, inform\u00e1tico y educacional nuevo, acorde a las necesidades de \u00e9sta Superior Casa de Estudios.<\/p>\n","protected":false},"excerpt":{"rendered":"<p>Viernes, 9 \u00a0de agosto de 2013 La inauguraci\u00f3n de la Facultad de Ciencias Integradas Villa Montes fue una realidad, encabezada por la m\u00e1xima autoridad de la Universidad Aut\u00f3noma \u00abJuan Misael Saracho\u00bb el Rector MSC. Ing. Marcelo Hoyos Montecinos, La Decana &hellip; <a href=\"https:\/\/www.uajms.edu.bo\/fciv\/2013\/09\/03\/inauguracion-de-la-fcivm\/\">Sigue leyendo <span class=\"meta-nav\">&rarr;<\/span><\/a><\/p>\n","protected":false},"author":6,"featured_media":0,"comment_status":"open","ping_status":"open","sticky":false,"template":"","format":"standard","meta":{"_joinchat":[],"footnotes":""},"categories":[5],"tags":[],"class_list":["post-724","post","type-post","status-publish","format-standard","hentry","category-noticias"],"views":540,"yoast_head":"<!-- This site is optimized with the Yoast SEO plugin v27.3 - https:\/\/yoast.com\/product\/yoast-seo-wordpress\/ -->\n<title>Inauguraci\u00f3n de la FCIVM - Facultad de Ciencias Integradas de Villa Montes<\/title>\n<meta name=\"robots\" content=\"index, follow, max-snippet:-1, max-image-preview:large, max-video-preview:-1\" \/>\n<link rel=\"canonical\" href=\"https:\/\/www.uajms.edu.bo\/fciv\/2013\/09\/03\/inauguracion-de-la-fcivm\/\" \/>\n<meta property=\"og:locale\" content=\"es_ES\" \/>\n<meta property=\"og:type\" content=\"article\" \/>\n<meta property=\"og:title\" content=\"Inauguraci\u00f3n de la FCIVM - Facultad de Ciencias Integradas de Villa Montes\" \/>\n<meta property=\"og:description\" content=\"Viernes, 9 \u00a0de agosto de 2013 La inauguraci\u00f3n de la Facultad de Ciencias Integradas Villa Montes fue una realidad, encabezada por la m\u00e1xima autoridad de la Universidad Aut\u00f3noma \u00abJuan Misael Saracho\u00bb el Rector MSC. Ing. Marcelo Hoyos Montecinos, La Decana &hellip; Sigue leyendo &rarr;\" \/>\n<meta property=\"og:url\" content=\"https:\/\/www.uajms.edu.bo\/fciv\/2013\/09\/03\/inauguracion-de-la-fcivm\/\" \/>\n<meta property=\"og:site_name\" content=\"Facultad de Ciencias Integradas de Villa Montes\" \/>\n<meta property=\"article:published_time\" content=\"2013-09-03T10:25:29+00:00\" \/>\n<meta name=\"twitter:card\" content=\"summary_large_image\" \/>\n<meta name=\"twitter:label1\" content=\"Escrito por\" \/>\n\t<meta name=\"twitter:data1\" content=\"\" \/>\n\t<meta name=\"twitter:label2\" content=\"Tiempo de lectura\" \/>\n\t<meta name=\"twitter:data2\" content=\"1 minuto\" \/>\n<script type=\"application\/ld+json\" class=\"yoast-schema-graph\">{\"@context\":\"https:\\\/\\\/schema.org\",\"@graph\":[{\"@type\":\"Article\",\"@id\":\"https:\\\/\\\/www.uajms.edu.bo\\\/fciv\\\/2013\\\/09\\\/03\\\/inauguracion-de-la-fcivm\\\/#article\",\"isPartOf\":{\"@id\":\"https:\\\/\\\/www.uajms.edu.bo\\\/fciv\\\/2013\\\/09\\\/03\\\/inauguracion-de-la-fcivm\\\/\"},\"author\":{\"name\":\"\",\"@id\":\"\"},\"headline\":\"Inauguraci\u00f3n de la FCIVM\",\"datePublished\":\"2013-09-03T10:25:29+00:00\",\"mainEntityOfPage\":{\"@id\":\"https:\\\/\\\/www.uajms.edu.bo\\\/fciv\\\/2013\\\/09\\\/03\\\/inauguracion-de-la-fcivm\\\/\"},\"wordCount\":125,\"commentCount\":0,\"articleSection\":[\"NOTICIAS\"],\"inLanguage\":\"es\",\"potentialAction\":[{\"@type\":\"CommentAction\",\"name\":\"Comment\",\"target\":[\"https:\\\/\\\/www.uajms.edu.bo\\\/fciv\\\/2013\\\/09\\\/03\\\/inauguracion-de-la-fcivm\\\/#respond\"]}]},{\"@type\":\"WebPage\",\"@id\":\"https:\\\/\\\/www.uajms.edu.bo\\\/fciv\\\/2013\\\/09\\\/03\\\/inauguracion-de-la-fcivm\\\/\",\"url\":\"https:\\\/\\\/www.uajms.edu.bo\\\/fciv\\\/2013\\\/09\\\/03\\\/inauguracion-de-la-fcivm\\\/\",\"name\":\"Inauguraci\u00f3n de la FCIVM - Facultad de Ciencias Integradas de Villa Montes\",\"isPartOf\":{\"@id\":\"https:\\\/\\\/www.uajms.edu.bo\\\/fciv\\\/#website\"},\"datePublished\":\"2013-09-03T10:25:29+00:00\",\"author\":{\"@id\":\"\"},\"breadcrumb\":{\"@id\":\"https:\\\/\\\/www.uajms.edu.bo\\\/fciv\\\/2013\\\/09\\\/03\\\/inauguracion-de-la-fcivm\\\/#breadcrumb\"},\"inLanguage\":\"es\",\"potentialAction\":[{\"@type\":\"ReadAction\",\"target\":[\"https:\\\/\\\/www.uajms.edu.bo\\\/fciv\\\/2013\\\/09\\\/03\\\/inauguracion-de-la-fcivm\\\/\"]}]},{\"@type\":\"BreadcrumbList\",\"@id\":\"https:\\\/\\\/www.uajms.edu.bo\\\/fciv\\\/2013\\\/09\\\/03\\\/inauguracion-de-la-fcivm\\\/#breadcrumb\",\"itemListElement\":[{\"@type\":\"ListItem\",\"position\":1,\"name\":\"Home\",\"item\":\"https:\\\/\\\/www.uajms.edu.bo\\\/fciv\\\/\"},{\"@type\":\"ListItem\",\"position\":2,\"name\":\"Inauguraci\u00f3n de la FCIVM\"}]},{\"@type\":\"WebSite\",\"@id\":\"https:\\\/\\\/www.uajms.edu.bo\\\/fciv\\\/#website\",\"url\":\"https:\\\/\\\/www.uajms.edu.bo\\\/fciv\\\/\",\"name\":\"Facultad de Ciencias Integradas de Villa Montes\",\"description\":\"FCIVM\",\"potentialAction\":[{\"@type\":\"SearchAction\",\"target\":{\"@type\":\"EntryPoint\",\"urlTemplate\":\"https:\\\/\\\/www.uajms.edu.bo\\\/fciv\\\/?s={search_term_string}\"},\"query-input\":{\"@type\":\"PropertyValueSpecification\",\"valueRequired\":true,\"valueName\":\"search_term_string\"}}],\"inLanguage\":\"es\"},{\"@type\":\"Person\",\"@id\":\"\",\"url\":\"https:\\\/\\\/www.uajms.edu.bo\\\/fciv\\\/author\\\/\"}]}<\/script>\n<!-- \/ Yoast SEO plugin. -->","yoast_head_json":{"title":"Inauguraci\u00f3n de la FCIVM - Facultad de Ciencias Integradas de Villa Montes","robots":{"index":"index","follow":"follow","max-snippet":"max-snippet:-1","max-image-preview":"max-image-preview:large","max-video-preview":"max-video-preview:-1"},"canonical":"https:\/\/www.uajms.edu.bo\/fciv\/2013\/09\/03\/inauguracion-de-la-fcivm\/","og_locale":"es_ES","og_type":"article","og_title":"Inauguraci\u00f3n de la FCIVM - Facultad de Ciencias Integradas de Villa Montes","og_description":"Viernes, 9 \u00a0de agosto de 2013 La inauguraci\u00f3n de la Facultad de Ciencias Integradas Villa Montes fue una realidad, encabezada por la m\u00e1xima autoridad de la Universidad Aut\u00f3noma \u00abJuan Misael Saracho\u00bb el Rector MSC. Ing. Marcelo Hoyos Montecinos, La Decana &hellip; Sigue leyendo &rarr;","og_url":"https:\/\/www.uajms.edu.bo\/fciv\/2013\/09\/03\/inauguracion-de-la-fcivm\/","og_site_name":"Facultad de Ciencias Integradas de Villa Montes","article_published_time":"2013-09-03T10:25:29+00:00","twitter_card":"summary_large_image","twitter_misc":{"Escrito por":"","Tiempo de lectura":"1 minuto"},"schema":{"@context":"https:\/\/schema.org","@graph":[{"@type":"Article","@id":"https:\/\/www.uajms.edu.bo\/fciv\/2013\/09\/03\/inauguracion-de-la-fcivm\/#article","isPartOf":{"@id":"https:\/\/www.uajms.edu.bo\/fciv\/2013\/09\/03\/inauguracion-de-la-fcivm\/"},"author":{"name":"","@id":""},"headline":"Inauguraci\u00f3n de la FCIVM","datePublished":"2013-09-03T10:25:29+00:00","mainEntityOfPage":{"@id":"https:\/\/www.uajms.edu.bo\/fciv\/2013\/09\/03\/inauguracion-de-la-fcivm\/"},"wordCount":125,"commentCount":0,"articleSection":["NOTICIAS"],"inLanguage":"es","potentialAction":[{"@type":"CommentAction","name":"Comment","target":["https:\/\/www.uajms.edu.bo\/fciv\/2013\/09\/03\/inauguracion-de-la-fcivm\/#respond"]}]},{"@type":"WebPage","@id":"https:\/\/www.uajms.edu.bo\/fciv\/2013\/09\/03\/inauguracion-de-la-fcivm\/","url":"https:\/\/www.uajms.edu.bo\/fciv\/2013\/09\/03\/inauguracion-de-la-fcivm\/","name":"Inauguraci\u00f3n de la FCIVM - Facultad de Ciencias Integradas de Villa Montes","isPartOf":{"@id":"https:\/\/www.uajms.edu.bo\/fciv\/#website"},"datePublished":"2013-09-03T10:25:29+00:00","author":{"@id":""},"breadcrumb":{"@id":"https:\/\/www.uajms.edu.bo\/fciv\/2013\/09\/03\/inauguracion-de-la-fcivm\/#breadcrumb"},"inLanguage":"es","potentialAction":[{"@type":"ReadAction","target":["https:\/\/www.uajms.edu.bo\/fciv\/2013\/09\/03\/inauguracion-de-la-fcivm\/"]}]},{"@type":"BreadcrumbList","@id":"https:\/\/www.uajms.edu.bo\/fciv\/2013\/09\/03\/inauguracion-de-la-fcivm\/#breadcrumb","itemListElement":[{"@type":"ListItem","position":1,"name":"Home","item":"https:\/\/www.uajms.edu.bo\/fciv\/"},{"@type":"ListItem","position":2,"name":"Inauguraci\u00f3n de la FCIVM"}]},{"@type":"WebSite","@id":"https:\/\/www.uajms.edu.bo\/fciv\/#website","url":"https:\/\/www.uajms.edu.bo\/fciv\/","name":"Facultad de Ciencias Integradas de Villa Montes","description":"FCIVM","potentialAction":[{"@type":"SearchAction","target":{"@type":"EntryPoint","urlTemplate":"https:\/\/www.uajms.edu.bo\/fciv\/?s={search_term_string}"},"query-input":{"@type":"PropertyValueSpecification","valueRequired":true,"valueName":"search_term_string"}}],"inLanguage":"es"},{"@type":"Person","@id":"","url":"https:\/\/www.uajms.edu.bo\/fciv\/author\/"}]}},"jetpack_featured_media_url":"","publishpress_future_action":{"enabled":false,"date":"2026-05-07 00:45:06","action":"change-status","newStatus":"draft","terms":[],"taxonomy":"category","extraData":[]},"publishpress_future_workflow_manual_trigger":{"enabledWorkflows":[]},"_links":{"self":[{"href":"https:\/\/www.uajms.edu.bo\/fciv\/wp-json\/wp\/v2\/posts\/724","targetHints":{"allow":["GET"]}}],"collection":[{"href":"https:\/\/www.uajms.edu.bo\/fciv\/wp-json\/wp\/v2\/posts"}],"about":[{"href":"https:\/\/www.uajms.edu.bo\/fciv\/wp-json\/wp\/v2\/types\/post"}],"author":[{"embeddable":true,"href":"https:\/\/www.uajms.edu.bo\/fciv\/wp-json\/wp\/v2\/users\/6"}],"replies":[{"embeddable":true,"href":"https:\/\/www.uajms.edu.bo\/fciv\/wp-json\/wp\/v2\/comments?post=724"}],"version-history":[{"count":0,"href":"https:\/\/www.uajms.edu.bo\/fciv\/wp-json\/wp\/v2\/posts\/724\/revisions"}],"wp:attachment":[{"href":"https:\/\/www.uajms.edu.bo\/fciv\/wp-json\/wp\/v2\/media?parent=724"}],"wp:term":[{"taxonomy":"category","embeddable":true,"href":"https:\/\/www.uajms.edu.bo\/fciv\/wp-json\/wp\/v2\/categories?post=724"},{"taxonomy":"post_tag","embeddable":true,"href":"https:\/\/www.uajms.edu.bo\/fciv\/wp-json\/wp\/v2\/tags?post=724"}],"curies":[{"name":"wp","href":"https:\/\/api.w.org\/{rel}","templated":true}]}}