

{"id":702,"date":"2013-07-23T18:40:15","date_gmt":"2013-07-23T18:40:15","guid":{"rendered":"http:\/\/fciv.ws.uajms.edu.bo\/?p=702"},"modified":"2013-07-23T18:40:15","modified_gmt":"2013-07-23T18:40:15","slug":"educacion-en-medio-ambiente","status":"publish","type":"post","link":"https:\/\/www.uajms.edu.bo\/fciv\/2013\/07\/23\/educacion-en-medio-ambiente\/","title":{"rendered":"Educaci\u00f3n en Medio Ambiente"},"content":{"rendered":"<p style=\"text-align: justify\">El pasado 11 y 12 de Julio se llevo a cabo un taller dirigido a docentes de muestra facultad, con la finalidad de lograr \u00abFacilitadores para la adaptaci\u00f3n al cambio clim\u00e1tico\u00bb.<br \/>\nEl objetivo del taller fue el de consensuar un programa de educaci\u00f3n ambiental y adaptaci\u00f3n al cambio clim\u00e1tico para su incorporaci\u00f3n en los dise\u00f1os curriculares de la instituci\u00f3n y en los planes institucionales.<br \/>\nEl curso fue dictado por la Ed. Amb. Judith Heredia G. de la Unidad de Gesti\u00f3n Ambiental del Gobierno Aut\u00f3nomo Regional de Villa Montes.<\/p>\n","protected":false},"excerpt":{"rendered":"<p>El pasado 11 y 12 de Julio se llevo a cabo un taller dirigido a docentes de muestra facultad, con la finalidad de lograr \u00abFacilitadores para la adaptaci\u00f3n al cambio clim\u00e1tico\u00bb. El objetivo del taller fue el de consensuar un &hellip; <a href=\"https:\/\/www.uajms.edu.bo\/fciv\/2013\/07\/23\/educacion-en-medio-ambiente\/\">Sigue leyendo <span class=\"meta-nav\">&rarr;<\/span><\/a><\/p>\n","protected":false},"author":6,"featured_media":711,"comment_status":"open","ping_status":"open","sticky":false,"template":"","format":"standard","meta":{"_joinchat":[],"footnotes":""},"categories":[5],"tags":[],"class_list":["post-702","post","type-post","status-publish","format-standard","has-post-thumbnail","hentry","category-noticias"],"views":583,"yoast_head":"<!-- This site is optimized with the Yoast SEO plugin v27.3 - https:\/\/yoast.com\/product\/yoast-seo-wordpress\/ -->\n<title>Educaci\u00f3n en Medio Ambiente - Facultad de Ciencias Integradas de Villa Montes<\/title>\n<meta name=\"robots\" content=\"index, follow, max-snippet:-1, max-image-preview:large, max-video-preview:-1\" \/>\n<link rel=\"canonical\" href=\"https:\/\/www.uajms.edu.bo\/fciv\/2013\/07\/23\/educacion-en-medio-ambiente\/\" \/>\n<meta property=\"og:locale\" content=\"es_ES\" \/>\n<meta property=\"og:type\" content=\"article\" \/>\n<meta property=\"og:title\" content=\"Educaci\u00f3n en Medio Ambiente - Facultad de Ciencias Integradas de Villa Montes\" \/>\n<meta property=\"og:description\" content=\"El pasado 11 y 12 de Julio se llevo a cabo un taller dirigido a docentes de muestra facultad, con la finalidad de lograr \u00abFacilitadores para la adaptaci\u00f3n al cambio clim\u00e1tico\u00bb. El objetivo del taller fue el de consensuar un &hellip; Sigue leyendo &rarr;\" \/>\n<meta property=\"og:url\" content=\"https:\/\/www.uajms.edu.bo\/fciv\/2013\/07\/23\/educacion-en-medio-ambiente\/\" \/>\n<meta property=\"og:site_name\" content=\"Facultad de Ciencias Integradas de Villa Montes\" \/>\n<meta property=\"article:published_time\" content=\"2013-07-23T18:40:15+00:00\" \/>\n<meta property=\"og:image\" content=\"https:\/\/www.uajms.edu.bo\/fciv\/wp-content\/uploads\/sites\/9\/2013\/07\/medamb11.jpg\" \/>\n\t<meta property=\"og:image:width\" content=\"249\" \/>\n\t<meta property=\"og:image:height\" content=\"126\" \/>\n\t<meta property=\"og:image:type\" content=\"image\/jpeg\" \/>\n<meta name=\"twitter:card\" content=\"summary_large_image\" \/>\n<meta name=\"twitter:label1\" content=\"Escrito por\" \/>\n\t<meta name=\"twitter:data1\" content=\"\" \/>\n<script type=\"application\/ld+json\" class=\"yoast-schema-graph\">{\"@context\":\"https:\\\/\\\/schema.org\",\"@graph\":[{\"@type\":\"Article\",\"@id\":\"https:\\\/\\\/www.uajms.edu.bo\\\/fciv\\\/2013\\\/07\\\/23\\\/educacion-en-medio-ambiente\\\/#article\",\"isPartOf\":{\"@id\":\"https:\\\/\\\/www.uajms.edu.bo\\\/fciv\\\/2013\\\/07\\\/23\\\/educacion-en-medio-ambiente\\\/\"},\"author\":{\"name\":\"\",\"@id\":\"\"},\"headline\":\"Educaci\u00f3n en Medio Ambiente\",\"datePublished\":\"2013-07-23T18:40:15+00:00\",\"mainEntityOfPage\":{\"@id\":\"https:\\\/\\\/www.uajms.edu.bo\\\/fciv\\\/2013\\\/07\\\/23\\\/educacion-en-medio-ambiente\\\/\"},\"wordCount\":101,\"commentCount\":0,\"image\":{\"@id\":\"https:\\\/\\\/www.uajms.edu.bo\\\/fciv\\\/2013\\\/07\\\/23\\\/educacion-en-medio-ambiente\\\/#primaryimage\"},\"thumbnailUrl\":\"https:\\\/\\\/www.uajms.edu.bo\\\/fciv\\\/wp-content\\\/uploads\\\/sites\\\/9\\\/2013\\\/07\\\/medamb11.jpg\",\"articleSection\":[\"NOTICIAS\"],\"inLanguage\":\"es\",\"potentialAction\":[{\"@type\":\"CommentAction\",\"name\":\"Comment\",\"target\":[\"https:\\\/\\\/www.uajms.edu.bo\\\/fciv\\\/2013\\\/07\\\/23\\\/educacion-en-medio-ambiente\\\/#respond\"]}]},{\"@type\":\"WebPage\",\"@id\":\"https:\\\/\\\/www.uajms.edu.bo\\\/fciv\\\/2013\\\/07\\\/23\\\/educacion-en-medio-ambiente\\\/\",\"url\":\"https:\\\/\\\/www.uajms.edu.bo\\\/fciv\\\/2013\\\/07\\\/23\\\/educacion-en-medio-ambiente\\\/\",\"name\":\"Educaci\u00f3n en Medio Ambiente - Facultad de Ciencias Integradas de Villa Montes\",\"isPartOf\":{\"@id\":\"https:\\\/\\\/www.uajms.edu.bo\\\/fciv\\\/#website\"},\"primaryImageOfPage\":{\"@id\":\"https:\\\/\\\/www.uajms.edu.bo\\\/fciv\\\/2013\\\/07\\\/23\\\/educacion-en-medio-ambiente\\\/#primaryimage\"},\"image\":{\"@id\":\"https:\\\/\\\/www.uajms.edu.bo\\\/fciv\\\/2013\\\/07\\\/23\\\/educacion-en-medio-ambiente\\\/#primaryimage\"},\"thumbnailUrl\":\"https:\\\/\\\/www.uajms.edu.bo\\\/fciv\\\/wp-content\\\/uploads\\\/sites\\\/9\\\/2013\\\/07\\\/medamb11.jpg\",\"datePublished\":\"2013-07-23T18:40:15+00:00\",\"author\":{\"@id\":\"\"},\"breadcrumb\":{\"@id\":\"https:\\\/\\\/www.uajms.edu.bo\\\/fciv\\\/2013\\\/07\\\/23\\\/educacion-en-medio-ambiente\\\/#breadcrumb\"},\"inLanguage\":\"es\",\"potentialAction\":[{\"@type\":\"ReadAction\",\"target\":[\"https:\\\/\\\/www.uajms.edu.bo\\\/fciv\\\/2013\\\/07\\\/23\\\/educacion-en-medio-ambiente\\\/\"]}]},{\"@type\":\"ImageObject\",\"inLanguage\":\"es\",\"@id\":\"https:\\\/\\\/www.uajms.edu.bo\\\/fciv\\\/2013\\\/07\\\/23\\\/educacion-en-medio-ambiente\\\/#primaryimage\",\"url\":\"https:\\\/\\\/www.uajms.edu.bo\\\/fciv\\\/wp-content\\\/uploads\\\/sites\\\/9\\\/2013\\\/07\\\/medamb11.jpg\",\"contentUrl\":\"https:\\\/\\\/www.uajms.edu.bo\\\/fciv\\\/wp-content\\\/uploads\\\/sites\\\/9\\\/2013\\\/07\\\/medamb11.jpg\",\"width\":249,\"height\":126},{\"@type\":\"BreadcrumbList\",\"@id\":\"https:\\\/\\\/www.uajms.edu.bo\\\/fciv\\\/2013\\\/07\\\/23\\\/educacion-en-medio-ambiente\\\/#breadcrumb\",\"itemListElement\":[{\"@type\":\"ListItem\",\"position\":1,\"name\":\"Home\",\"item\":\"https:\\\/\\\/www.uajms.edu.bo\\\/fciv\\\/\"},{\"@type\":\"ListItem\",\"position\":2,\"name\":\"Educaci\u00f3n en Medio Ambiente\"}]},{\"@type\":\"WebSite\",\"@id\":\"https:\\\/\\\/www.uajms.edu.bo\\\/fciv\\\/#website\",\"url\":\"https:\\\/\\\/www.uajms.edu.bo\\\/fciv\\\/\",\"name\":\"Facultad de Ciencias Integradas de Villa Montes\",\"description\":\"FCIVM\",\"potentialAction\":[{\"@type\":\"SearchAction\",\"target\":{\"@type\":\"EntryPoint\",\"urlTemplate\":\"https:\\\/\\\/www.uajms.edu.bo\\\/fciv\\\/?s={search_term_string}\"},\"query-input\":{\"@type\":\"PropertyValueSpecification\",\"valueRequired\":true,\"valueName\":\"search_term_string\"}}],\"inLanguage\":\"es\"},{\"@type\":\"Person\",\"@id\":\"\",\"url\":\"https:\\\/\\\/www.uajms.edu.bo\\\/fciv\\\/author\\\/\"}]}<\/script>\n<!-- \/ Yoast SEO plugin. -->","yoast_head_json":{"title":"Educaci\u00f3n en Medio Ambiente - Facultad de Ciencias Integradas de Villa Montes","robots":{"index":"index","follow":"follow","max-snippet":"max-snippet:-1","max-image-preview":"max-image-preview:large","max-video-preview":"max-video-preview:-1"},"canonical":"https:\/\/www.uajms.edu.bo\/fciv\/2013\/07\/23\/educacion-en-medio-ambiente\/","og_locale":"es_ES","og_type":"article","og_title":"Educaci\u00f3n en Medio Ambiente - Facultad de Ciencias Integradas de Villa Montes","og_description":"El pasado 11 y 12 de Julio se llevo a cabo un taller dirigido a docentes de muestra facultad, con la finalidad de lograr \u00abFacilitadores para la adaptaci\u00f3n al cambio clim\u00e1tico\u00bb. El objetivo del taller fue el de consensuar un &hellip; Sigue leyendo &rarr;","og_url":"https:\/\/www.uajms.edu.bo\/fciv\/2013\/07\/23\/educacion-en-medio-ambiente\/","og_site_name":"Facultad de Ciencias Integradas de Villa Montes","article_published_time":"2013-07-23T18:40:15+00:00","og_image":[{"width":249,"height":126,"url":"https:\/\/www.uajms.edu.bo\/fciv\/wp-content\/uploads\/sites\/9\/2013\/07\/medamb11.jpg","type":"image\/jpeg"}],"twitter_card":"summary_large_image","twitter_misc":{"Escrito por":""},"schema":{"@context":"https:\/\/schema.org","@graph":[{"@type":"Article","@id":"https:\/\/www.uajms.edu.bo\/fciv\/2013\/07\/23\/educacion-en-medio-ambiente\/#article","isPartOf":{"@id":"https:\/\/www.uajms.edu.bo\/fciv\/2013\/07\/23\/educacion-en-medio-ambiente\/"},"author":{"name":"","@id":""},"headline":"Educaci\u00f3n en Medio Ambiente","datePublished":"2013-07-23T18:40:15+00:00","mainEntityOfPage":{"@id":"https:\/\/www.uajms.edu.bo\/fciv\/2013\/07\/23\/educacion-en-medio-ambiente\/"},"wordCount":101,"commentCount":0,"image":{"@id":"https:\/\/www.uajms.edu.bo\/fciv\/2013\/07\/23\/educacion-en-medio-ambiente\/#primaryimage"},"thumbnailUrl":"https:\/\/www.uajms.edu.bo\/fciv\/wp-content\/uploads\/sites\/9\/2013\/07\/medamb11.jpg","articleSection":["NOTICIAS"],"inLanguage":"es","potentialAction":[{"@type":"CommentAction","name":"Comment","target":["https:\/\/www.uajms.edu.bo\/fciv\/2013\/07\/23\/educacion-en-medio-ambiente\/#respond"]}]},{"@type":"WebPage","@id":"https:\/\/www.uajms.edu.bo\/fciv\/2013\/07\/23\/educacion-en-medio-ambiente\/","url":"https:\/\/www.uajms.edu.bo\/fciv\/2013\/07\/23\/educacion-en-medio-ambiente\/","name":"Educaci\u00f3n en Medio Ambiente - Facultad de Ciencias Integradas de Villa Montes","isPartOf":{"@id":"https:\/\/www.uajms.edu.bo\/fciv\/#website"},"primaryImageOfPage":{"@id":"https:\/\/www.uajms.edu.bo\/fciv\/2013\/07\/23\/educacion-en-medio-ambiente\/#primaryimage"},"image":{"@id":"https:\/\/www.uajms.edu.bo\/fciv\/2013\/07\/23\/educacion-en-medio-ambiente\/#primaryimage"},"thumbnailUrl":"https:\/\/www.uajms.edu.bo\/fciv\/wp-content\/uploads\/sites\/9\/2013\/07\/medamb11.jpg","datePublished":"2013-07-23T18:40:15+00:00","author":{"@id":""},"breadcrumb":{"@id":"https:\/\/www.uajms.edu.bo\/fciv\/2013\/07\/23\/educacion-en-medio-ambiente\/#breadcrumb"},"inLanguage":"es","potentialAction":[{"@type":"ReadAction","target":["https:\/\/www.uajms.edu.bo\/fciv\/2013\/07\/23\/educacion-en-medio-ambiente\/"]}]},{"@type":"ImageObject","inLanguage":"es","@id":"https:\/\/www.uajms.edu.bo\/fciv\/2013\/07\/23\/educacion-en-medio-ambiente\/#primaryimage","url":"https:\/\/www.uajms.edu.bo\/fciv\/wp-content\/uploads\/sites\/9\/2013\/07\/medamb11.jpg","contentUrl":"https:\/\/www.uajms.edu.bo\/fciv\/wp-content\/uploads\/sites\/9\/2013\/07\/medamb11.jpg","width":249,"height":126},{"@type":"BreadcrumbList","@id":"https:\/\/www.uajms.edu.bo\/fciv\/2013\/07\/23\/educacion-en-medio-ambiente\/#breadcrumb","itemListElement":[{"@type":"ListItem","position":1,"name":"Home","item":"https:\/\/www.uajms.edu.bo\/fciv\/"},{"@type":"ListItem","position":2,"name":"Educaci\u00f3n en Medio Ambiente"}]},{"@type":"WebSite","@id":"https:\/\/www.uajms.edu.bo\/fciv\/#website","url":"https:\/\/www.uajms.edu.bo\/fciv\/","name":"Facultad de Ciencias Integradas de Villa Montes","description":"FCIVM","potentialAction":[{"@type":"SearchAction","target":{"@type":"EntryPoint","urlTemplate":"https:\/\/www.uajms.edu.bo\/fciv\/?s={search_term_string}"},"query-input":{"@type":"PropertyValueSpecification","valueRequired":true,"valueName":"search_term_string"}}],"inLanguage":"es"},{"@type":"Person","@id":"","url":"https:\/\/www.uajms.edu.bo\/fciv\/author\/"}]}},"jetpack_featured_media_url":"https:\/\/www.uajms.edu.bo\/fciv\/wp-content\/uploads\/sites\/9\/2013\/07\/medamb11.jpg","publishpress_future_action":{"enabled":false,"date":"2026-05-07 00:48:38","action":"change-status","newStatus":"draft","terms":[],"taxonomy":"category","extraData":[]},"publishpress_future_workflow_manual_trigger":{"enabledWorkflows":[]},"_links":{"self":[{"href":"https:\/\/www.uajms.edu.bo\/fciv\/wp-json\/wp\/v2\/posts\/702","targetHints":{"allow":["GET"]}}],"collection":[{"href":"https:\/\/www.uajms.edu.bo\/fciv\/wp-json\/wp\/v2\/posts"}],"about":[{"href":"https:\/\/www.uajms.edu.bo\/fciv\/wp-json\/wp\/v2\/types\/post"}],"author":[{"embeddable":true,"href":"https:\/\/www.uajms.edu.bo\/fciv\/wp-json\/wp\/v2\/users\/6"}],"replies":[{"embeddable":true,"href":"https:\/\/www.uajms.edu.bo\/fciv\/wp-json\/wp\/v2\/comments?post=702"}],"version-history":[{"count":0,"href":"https:\/\/www.uajms.edu.bo\/fciv\/wp-json\/wp\/v2\/posts\/702\/revisions"}],"wp:featuredmedia":[{"embeddable":true,"href":"https:\/\/www.uajms.edu.bo\/fciv\/wp-json\/wp\/v2\/media\/711"}],"wp:attachment":[{"href":"https:\/\/www.uajms.edu.bo\/fciv\/wp-json\/wp\/v2\/media?parent=702"}],"wp:term":[{"taxonomy":"category","embeddable":true,"href":"https:\/\/www.uajms.edu.bo\/fciv\/wp-json\/wp\/v2\/categories?post=702"},{"taxonomy":"post_tag","embeddable":true,"href":"https:\/\/www.uajms.edu.bo\/fciv\/wp-json\/wp\/v2\/tags?post=702"}],"curies":[{"name":"wp","href":"https:\/\/api.w.org\/{rel}","templated":true}]}}