

{"id":537,"date":"2013-06-05T11:43:39","date_gmt":"2013-06-05T11:43:39","guid":{"rendered":"http:\/\/fciv.ws.uajms.edu.bo\/?p=537"},"modified":"2013-06-05T11:43:39","modified_gmt":"2013-06-05T11:43:39","slug":"lxvii-aniversario-de-creacion-uajms","status":"publish","type":"post","link":"https:\/\/www.uajms.edu.bo\/fciv\/2013\/06\/05\/lxvii-aniversario-de-creacion-uajms\/","title":{"rendered":"LXVII Aniversario de Creaci\u00f3n Universidad Aut\u00f3noma \u00abJuan Misael Saracho\u00bb"},"content":{"rendered":"<p style=\"text-align: justify\">El 6 de junio de 1946, un grupo de Intelectuales Tarije\u00f1os dirigidos por el Dr. Federico Avila y Avila, emite el acta de Fundaci\u00f3n de la Universidad de Tarija \u00abJuan Misael Saracho\u00bb, que fue aprobado por el Ministerio de Educaci\u00f3n, Bellas Artes y Asuntos Ind\u00edgenas de Bolivia.<\/p>\n<p style=\"text-align: justify\">El crecimiento de la Universidad trascendi\u00f3 los l\u00edmites de la Ciudad Capital, abri\u00e9ndose institutos y carreras profesionales en Yacuiba, Villa Montes y Bermejo, atendiendo a las necesidades de la educaci\u00f3n superior a nivel Departamental.<\/p>\n<p style=\"text-align: justify\">Como parte del Sistema de la Universidad Boliviana, abraza los principios generales de Autonom\u00eda y Cogobierno Paritario Docente \u00a0&#8211; Estudiantil. Es una persona colectiva de derecho p\u00fablico con identidad construida alrededor de su misi\u00f3n, principios, valores y criterios rectores, que se expresan en sus s\u00edmbolos Institucionales del escudo, himno y bandera. El tema Institucional destaca: \u00abSapientia Et Justitia Imnortales Sunt\u00bb.<\/p>\n<p style=\"text-align: justify\">As\u00ed mismo se recuerda el D\u00eda del Docente Universitario, quienes son los que forman hombre y mujeres productivos, creativos y de propuesta permanente cuya labor est\u00e1 dedicada a tareas de docencia, investigaci\u00f3n, extensi\u00f3n, superaci\u00f3n y\/o producci\u00f3n en el marco de la visi\u00f3n, misi\u00f3n, principios y valores institucionales.<\/p>\n<blockquote><p>La Facultad de Ciencias Integradas de Villa Montes brind\u00f3 su homenaje en conmemoraci\u00f3n al \u00abLXVII ANIVERSARIO DE CREACI\u00d3N DE NUESTRA CASA DE ESTUDIOS SUPERIORES\u00bb, y el \u00abD\u00cdA DEL DOCENTE UNIVERSITARIO\u00bb.<\/p><\/blockquote>\n<p style=\"text-align: justify\">El Acto acad\u00e9mico fue el pasado Mi\u00e9rcoles 5 de Junio de 2013 a horas 17:00 en el Sal\u00f3n Auditorio \u00a0de la Carrera de Medicina Veterinaria y Zootecnia, contando con la presencia de las Autoridades de la facultad Dra. Gina Pradel, Dr. Juan Carlos Soruco, Dr. Oscar Antezana, Ing. Salom\u00f3n Benito Huanca, autoridades invitadas de instituciones de Villa Montes, docentes, estudiantes y administrativos de Nuestra Facultad.<\/p>\n<p>En el acto se lucieron los Docentes ganadores en la evaluaci\u00f3n del Proceso Ense\u00f1anza Aprendizaje PEA realizado por los estudiantes. Conforme a la siguiente lista:<br \/>\nDEPARTAMENTO VETERINARIA<br \/>\n1ER LUGAR: Dr. Oscar Antezana<br \/>\n2DO. LUGAR: Dr. Ingnacio Chavez Zeballos<br \/>\n3er. LUGAR: Ing. Isaac Castillo Fernandez<br \/>\nDEPARTAMENTO HIDROCARBUROS<br \/>\n1ER LUGAR: Ing. Herbert Lozano<br \/>\n2DO. LUGAR: Ing. Ramiro Lea\u00f1o<br \/>\n3er. LUGAR: Ing. Ximena Fernandez<br \/>\nDEPARTAMENTO CIENCIAS PURAS<br \/>\n1ER LUGAR: Ing. Marcelo Salgado<br \/>\n2DO. LUGAR: Ing. Herbert Lozano<br \/>\n3er. LUGAR: Ing. Ramiro Lea\u00f1o<\/p>\n<p>Tambi\u00e9n se premi\u00f3 el esfuerzo de los estudiantes que obtuvieron los mejores promedios de cada carrera, con la dotaci\u00f3n de certificados de alto valor curricular e incentivos econ\u00f3micos 1500 Bs, 1000 Bs y 700 Bs. correspondientes al primer, segundo y tercer lugar.<br \/>\nLos estudiantes merecedores fueron:<br \/>\nCARRERA DE MEDICINA VETERIANRIA Y ZOOTECNIA<br \/>\n1ER LUGAR: Est. Natividad G. Flores Balderrama<br \/>\n2DO LUGAR: Est. Iracema Coca Guerrero<br \/>\n2ER LUGAR: Est. Julia Mar\u00eda F. Barrios Michel<br \/>\nCARRERA INGENIERIA DE PETR\u00d3LEO Y GAS NATURAL<br \/>\n1ER LUGAR: Est. Tomas J. Cruz Burgos<br \/>\n2DO LUGAR: Est. Franz Pe\u00f1aloza Robledo<br \/>\n3ER LUGAR: Est. Bertha Cusi Flores<br \/>\nCARRERA INGENIERIA PETROQU\u00cdMICA<br \/>\n1ER LUGAR: Est. Hammer Blanco Ventura<br \/>\n2DO LUGAR: Est. Gerardo Humacata Calder\u00f3n<br \/>\n3ER LUGAR: Est. Yoselin E. Gonzales Altamirano<\/p>\n<p><a href=\"http:\/\/www.uajms.edu.bo\/fciv\/wp-content\/uploads\/sites\/9\/2013\/06\/logo1.gif\"><img decoding=\"async\" class=\"aligncenter size-full wp-image-591\" title=\"logo\" src=\"http:\/\/www.uajms.edu.bo\/fciv\/wp-content\/uploads\/sites\/9\/2013\/06\/logo1.gif\" alt=\"\" width=\"123\" height=\"147\" \/><\/a><\/p>\n","protected":false},"excerpt":{"rendered":"<p>El 6 de junio de 1946, un grupo de Intelectuales Tarije\u00f1os dirigidos por el Dr. Federico Avila y Avila, emite el acta de Fundaci\u00f3n de la Universidad de Tarija \u00abJuan Misael Saracho\u00bb, que fue aprobado por el Ministerio de Educaci\u00f3n, &hellip; <a href=\"https:\/\/www.uajms.edu.bo\/fciv\/2013\/06\/05\/lxvii-aniversario-de-creacion-uajms\/\">Sigue leyendo <span class=\"meta-nav\">&rarr;<\/span><\/a><\/p>\n","protected":false},"author":6,"featured_media":0,"comment_status":"open","ping_status":"open","sticky":false,"template":"","format":"standard","meta":{"_joinchat":[],"footnotes":""},"categories":[5],"tags":[],"class_list":["post-537","post","type-post","status-publish","format-standard","hentry","category-noticias"],"views":1536,"yoast_head":"<!-- This site is optimized with the Yoast SEO plugin v27.3 - https:\/\/yoast.com\/product\/yoast-seo-wordpress\/ -->\n<title>LXVII Aniversario de Creaci\u00f3n Universidad Aut\u00f3noma &quot;Juan Misael Saracho&quot; - Facultad de Ciencias Integradas de Villa Montes<\/title>\n<meta name=\"robots\" content=\"index, follow, max-snippet:-1, max-image-preview:large, max-video-preview:-1\" \/>\n<link rel=\"canonical\" href=\"https:\/\/www.uajms.edu.bo\/fciv\/2013\/06\/05\/lxvii-aniversario-de-creacion-uajms\/\" \/>\n<meta property=\"og:locale\" content=\"es_ES\" \/>\n<meta property=\"og:type\" content=\"article\" \/>\n<meta property=\"og:title\" content=\"LXVII Aniversario de Creaci\u00f3n Universidad Aut\u00f3noma &quot;Juan Misael Saracho&quot; - Facultad de Ciencias Integradas de Villa Montes\" \/>\n<meta property=\"og:description\" content=\"El 6 de junio de 1946, un grupo de Intelectuales Tarije\u00f1os dirigidos por el Dr. Federico Avila y Avila, emite el acta de Fundaci\u00f3n de la Universidad de Tarija \u00abJuan Misael Saracho\u00bb, que fue aprobado por el Ministerio de Educaci\u00f3n, &hellip; Sigue leyendo &rarr;\" \/>\n<meta property=\"og:url\" content=\"https:\/\/www.uajms.edu.bo\/fciv\/2013\/06\/05\/lxvii-aniversario-de-creacion-uajms\/\" \/>\n<meta property=\"og:site_name\" content=\"Facultad de Ciencias Integradas de Villa Montes\" \/>\n<meta property=\"article:published_time\" content=\"2013-06-05T11:43:39+00:00\" \/>\n<meta property=\"og:image\" content=\"http:\/\/www.uajms.edu.bo\/fciv\/wp-content\/uploads\/sites\/9\/2013\/06\/logo1.gif\" \/>\n<meta name=\"twitter:card\" content=\"summary_large_image\" \/>\n<meta name=\"twitter:label1\" content=\"Escrito por\" \/>\n\t<meta name=\"twitter:data1\" content=\"\" \/>\n\t<meta name=\"twitter:label2\" content=\"Tiempo de lectura\" \/>\n\t<meta name=\"twitter:data2\" content=\"3 minutos\" \/>\n<script type=\"application\/ld+json\" class=\"yoast-schema-graph\">{\"@context\":\"https:\\\/\\\/schema.org\",\"@graph\":[{\"@type\":\"Article\",\"@id\":\"https:\\\/\\\/www.uajms.edu.bo\\\/fciv\\\/2013\\\/06\\\/05\\\/lxvii-aniversario-de-creacion-uajms\\\/#article\",\"isPartOf\":{\"@id\":\"https:\\\/\\\/www.uajms.edu.bo\\\/fciv\\\/2013\\\/06\\\/05\\\/lxvii-aniversario-de-creacion-uajms\\\/\"},\"author\":{\"name\":\"\",\"@id\":\"\"},\"headline\":\"LXVII Aniversario de Creaci\u00f3n Universidad Aut\u00f3noma \u00abJuan Misael Saracho\u00bb\",\"datePublished\":\"2013-06-05T11:43:39+00:00\",\"mainEntityOfPage\":{\"@id\":\"https:\\\/\\\/www.uajms.edu.bo\\\/fciv\\\/2013\\\/06\\\/05\\\/lxvii-aniversario-de-creacion-uajms\\\/\"},\"wordCount\":524,\"commentCount\":0,\"image\":{\"@id\":\"https:\\\/\\\/www.uajms.edu.bo\\\/fciv\\\/2013\\\/06\\\/05\\\/lxvii-aniversario-de-creacion-uajms\\\/#primaryimage\"},\"thumbnailUrl\":\"http:\\\/\\\/www.uajms.edu.bo\\\/fciv\\\/wp-content\\\/uploads\\\/sites\\\/9\\\/2013\\\/06\\\/logo1.gif\",\"articleSection\":[\"NOTICIAS\"],\"inLanguage\":\"es\",\"potentialAction\":[{\"@type\":\"CommentAction\",\"name\":\"Comment\",\"target\":[\"https:\\\/\\\/www.uajms.edu.bo\\\/fciv\\\/2013\\\/06\\\/05\\\/lxvii-aniversario-de-creacion-uajms\\\/#respond\"]}]},{\"@type\":\"WebPage\",\"@id\":\"https:\\\/\\\/www.uajms.edu.bo\\\/fciv\\\/2013\\\/06\\\/05\\\/lxvii-aniversario-de-creacion-uajms\\\/\",\"url\":\"https:\\\/\\\/www.uajms.edu.bo\\\/fciv\\\/2013\\\/06\\\/05\\\/lxvii-aniversario-de-creacion-uajms\\\/\",\"name\":\"LXVII Aniversario de Creaci\u00f3n Universidad Aut\u00f3noma \\\"Juan Misael Saracho\\\" - Facultad de Ciencias Integradas de Villa Montes\",\"isPartOf\":{\"@id\":\"https:\\\/\\\/www.uajms.edu.bo\\\/fciv\\\/#website\"},\"primaryImageOfPage\":{\"@id\":\"https:\\\/\\\/www.uajms.edu.bo\\\/fciv\\\/2013\\\/06\\\/05\\\/lxvii-aniversario-de-creacion-uajms\\\/#primaryimage\"},\"image\":{\"@id\":\"https:\\\/\\\/www.uajms.edu.bo\\\/fciv\\\/2013\\\/06\\\/05\\\/lxvii-aniversario-de-creacion-uajms\\\/#primaryimage\"},\"thumbnailUrl\":\"http:\\\/\\\/www.uajms.edu.bo\\\/fciv\\\/wp-content\\\/uploads\\\/sites\\\/9\\\/2013\\\/06\\\/logo1.gif\",\"datePublished\":\"2013-06-05T11:43:39+00:00\",\"author\":{\"@id\":\"\"},\"breadcrumb\":{\"@id\":\"https:\\\/\\\/www.uajms.edu.bo\\\/fciv\\\/2013\\\/06\\\/05\\\/lxvii-aniversario-de-creacion-uajms\\\/#breadcrumb\"},\"inLanguage\":\"es\",\"potentialAction\":[{\"@type\":\"ReadAction\",\"target\":[\"https:\\\/\\\/www.uajms.edu.bo\\\/fciv\\\/2013\\\/06\\\/05\\\/lxvii-aniversario-de-creacion-uajms\\\/\"]}]},{\"@type\":\"ImageObject\",\"inLanguage\":\"es\",\"@id\":\"https:\\\/\\\/www.uajms.edu.bo\\\/fciv\\\/2013\\\/06\\\/05\\\/lxvii-aniversario-de-creacion-uajms\\\/#primaryimage\",\"url\":\"http:\\\/\\\/www.uajms.edu.bo\\\/fciv\\\/wp-content\\\/uploads\\\/sites\\\/9\\\/2013\\\/06\\\/logo1.gif\",\"contentUrl\":\"http:\\\/\\\/www.uajms.edu.bo\\\/fciv\\\/wp-content\\\/uploads\\\/sites\\\/9\\\/2013\\\/06\\\/logo1.gif\"},{\"@type\":\"BreadcrumbList\",\"@id\":\"https:\\\/\\\/www.uajms.edu.bo\\\/fciv\\\/2013\\\/06\\\/05\\\/lxvii-aniversario-de-creacion-uajms\\\/#breadcrumb\",\"itemListElement\":[{\"@type\":\"ListItem\",\"position\":1,\"name\":\"Home\",\"item\":\"https:\\\/\\\/www.uajms.edu.bo\\\/fciv\\\/\"},{\"@type\":\"ListItem\",\"position\":2,\"name\":\"LXVII Aniversario de Creaci\u00f3n Universidad Aut\u00f3noma \u00abJuan Misael Saracho\u00bb\"}]},{\"@type\":\"WebSite\",\"@id\":\"https:\\\/\\\/www.uajms.edu.bo\\\/fciv\\\/#website\",\"url\":\"https:\\\/\\\/www.uajms.edu.bo\\\/fciv\\\/\",\"name\":\"Facultad de Ciencias Integradas de Villa Montes\",\"description\":\"FCIVM\",\"potentialAction\":[{\"@type\":\"SearchAction\",\"target\":{\"@type\":\"EntryPoint\",\"urlTemplate\":\"https:\\\/\\\/www.uajms.edu.bo\\\/fciv\\\/?s={search_term_string}\"},\"query-input\":{\"@type\":\"PropertyValueSpecification\",\"valueRequired\":true,\"valueName\":\"search_term_string\"}}],\"inLanguage\":\"es\"},{\"@type\":\"Person\",\"@id\":\"\",\"url\":\"https:\\\/\\\/www.uajms.edu.bo\\\/fciv\\\/author\\\/\"}]}<\/script>\n<!-- \/ Yoast SEO plugin. -->","yoast_head_json":{"title":"LXVII Aniversario de Creaci\u00f3n Universidad Aut\u00f3noma \"Juan Misael Saracho\" - Facultad de Ciencias Integradas de Villa Montes","robots":{"index":"index","follow":"follow","max-snippet":"max-snippet:-1","max-image-preview":"max-image-preview:large","max-video-preview":"max-video-preview:-1"},"canonical":"https:\/\/www.uajms.edu.bo\/fciv\/2013\/06\/05\/lxvii-aniversario-de-creacion-uajms\/","og_locale":"es_ES","og_type":"article","og_title":"LXVII Aniversario de Creaci\u00f3n Universidad Aut\u00f3noma \"Juan Misael Saracho\" - Facultad de Ciencias Integradas de Villa Montes","og_description":"El 6 de junio de 1946, un grupo de Intelectuales Tarije\u00f1os dirigidos por el Dr. Federico Avila y Avila, emite el acta de Fundaci\u00f3n de la Universidad de Tarija \u00abJuan Misael Saracho\u00bb, que fue aprobado por el Ministerio de Educaci\u00f3n, &hellip; Sigue leyendo &rarr;","og_url":"https:\/\/www.uajms.edu.bo\/fciv\/2013\/06\/05\/lxvii-aniversario-de-creacion-uajms\/","og_site_name":"Facultad de Ciencias Integradas de Villa Montes","article_published_time":"2013-06-05T11:43:39+00:00","og_image":[{"url":"http:\/\/www.uajms.edu.bo\/fciv\/wp-content\/uploads\/sites\/9\/2013\/06\/logo1.gif","type":"","width":"","height":""}],"twitter_card":"summary_large_image","twitter_misc":{"Escrito por":"","Tiempo de lectura":"3 minutos"},"schema":{"@context":"https:\/\/schema.org","@graph":[{"@type":"Article","@id":"https:\/\/www.uajms.edu.bo\/fciv\/2013\/06\/05\/lxvii-aniversario-de-creacion-uajms\/#article","isPartOf":{"@id":"https:\/\/www.uajms.edu.bo\/fciv\/2013\/06\/05\/lxvii-aniversario-de-creacion-uajms\/"},"author":{"name":"","@id":""},"headline":"LXVII Aniversario de Creaci\u00f3n Universidad Aut\u00f3noma \u00abJuan Misael Saracho\u00bb","datePublished":"2013-06-05T11:43:39+00:00","mainEntityOfPage":{"@id":"https:\/\/www.uajms.edu.bo\/fciv\/2013\/06\/05\/lxvii-aniversario-de-creacion-uajms\/"},"wordCount":524,"commentCount":0,"image":{"@id":"https:\/\/www.uajms.edu.bo\/fciv\/2013\/06\/05\/lxvii-aniversario-de-creacion-uajms\/#primaryimage"},"thumbnailUrl":"http:\/\/www.uajms.edu.bo\/fciv\/wp-content\/uploads\/sites\/9\/2013\/06\/logo1.gif","articleSection":["NOTICIAS"],"inLanguage":"es","potentialAction":[{"@type":"CommentAction","name":"Comment","target":["https:\/\/www.uajms.edu.bo\/fciv\/2013\/06\/05\/lxvii-aniversario-de-creacion-uajms\/#respond"]}]},{"@type":"WebPage","@id":"https:\/\/www.uajms.edu.bo\/fciv\/2013\/06\/05\/lxvii-aniversario-de-creacion-uajms\/","url":"https:\/\/www.uajms.edu.bo\/fciv\/2013\/06\/05\/lxvii-aniversario-de-creacion-uajms\/","name":"LXVII Aniversario de Creaci\u00f3n Universidad Aut\u00f3noma \"Juan Misael Saracho\" - Facultad de Ciencias Integradas de Villa Montes","isPartOf":{"@id":"https:\/\/www.uajms.edu.bo\/fciv\/#website"},"primaryImageOfPage":{"@id":"https:\/\/www.uajms.edu.bo\/fciv\/2013\/06\/05\/lxvii-aniversario-de-creacion-uajms\/#primaryimage"},"image":{"@id":"https:\/\/www.uajms.edu.bo\/fciv\/2013\/06\/05\/lxvii-aniversario-de-creacion-uajms\/#primaryimage"},"thumbnailUrl":"http:\/\/www.uajms.edu.bo\/fciv\/wp-content\/uploads\/sites\/9\/2013\/06\/logo1.gif","datePublished":"2013-06-05T11:43:39+00:00","author":{"@id":""},"breadcrumb":{"@id":"https:\/\/www.uajms.edu.bo\/fciv\/2013\/06\/05\/lxvii-aniversario-de-creacion-uajms\/#breadcrumb"},"inLanguage":"es","potentialAction":[{"@type":"ReadAction","target":["https:\/\/www.uajms.edu.bo\/fciv\/2013\/06\/05\/lxvii-aniversario-de-creacion-uajms\/"]}]},{"@type":"ImageObject","inLanguage":"es","@id":"https:\/\/www.uajms.edu.bo\/fciv\/2013\/06\/05\/lxvii-aniversario-de-creacion-uajms\/#primaryimage","url":"http:\/\/www.uajms.edu.bo\/fciv\/wp-content\/uploads\/sites\/9\/2013\/06\/logo1.gif","contentUrl":"http:\/\/www.uajms.edu.bo\/fciv\/wp-content\/uploads\/sites\/9\/2013\/06\/logo1.gif"},{"@type":"BreadcrumbList","@id":"https:\/\/www.uajms.edu.bo\/fciv\/2013\/06\/05\/lxvii-aniversario-de-creacion-uajms\/#breadcrumb","itemListElement":[{"@type":"ListItem","position":1,"name":"Home","item":"https:\/\/www.uajms.edu.bo\/fciv\/"},{"@type":"ListItem","position":2,"name":"LXVII Aniversario de Creaci\u00f3n Universidad Aut\u00f3noma \u00abJuan Misael Saracho\u00bb"}]},{"@type":"WebSite","@id":"https:\/\/www.uajms.edu.bo\/fciv\/#website","url":"https:\/\/www.uajms.edu.bo\/fciv\/","name":"Facultad de Ciencias Integradas de Villa Montes","description":"FCIVM","potentialAction":[{"@type":"SearchAction","target":{"@type":"EntryPoint","urlTemplate":"https:\/\/www.uajms.edu.bo\/fciv\/?s={search_term_string}"},"query-input":{"@type":"PropertyValueSpecification","valueRequired":true,"valueName":"search_term_string"}}],"inLanguage":"es"},{"@type":"Person","@id":"","url":"https:\/\/www.uajms.edu.bo\/fciv\/author\/"}]}},"jetpack_featured_media_url":"","publishpress_future_action":{"enabled":false,"date":"2026-05-07 00:33:21","action":"change-status","newStatus":"draft","terms":[],"taxonomy":"category","extraData":[]},"publishpress_future_workflow_manual_trigger":{"enabledWorkflows":[]},"_links":{"self":[{"href":"https:\/\/www.uajms.edu.bo\/fciv\/wp-json\/wp\/v2\/posts\/537","targetHints":{"allow":["GET"]}}],"collection":[{"href":"https:\/\/www.uajms.edu.bo\/fciv\/wp-json\/wp\/v2\/posts"}],"about":[{"href":"https:\/\/www.uajms.edu.bo\/fciv\/wp-json\/wp\/v2\/types\/post"}],"author":[{"embeddable":true,"href":"https:\/\/www.uajms.edu.bo\/fciv\/wp-json\/wp\/v2\/users\/6"}],"replies":[{"embeddable":true,"href":"https:\/\/www.uajms.edu.bo\/fciv\/wp-json\/wp\/v2\/comments?post=537"}],"version-history":[{"count":0,"href":"https:\/\/www.uajms.edu.bo\/fciv\/wp-json\/wp\/v2\/posts\/537\/revisions"}],"wp:attachment":[{"href":"https:\/\/www.uajms.edu.bo\/fciv\/wp-json\/wp\/v2\/media?parent=537"}],"wp:term":[{"taxonomy":"category","embeddable":true,"href":"https:\/\/www.uajms.edu.bo\/fciv\/wp-json\/wp\/v2\/categories?post=537"},{"taxonomy":"post_tag","embeddable":true,"href":"https:\/\/www.uajms.edu.bo\/fciv\/wp-json\/wp\/v2\/tags?post=537"}],"curies":[{"name":"wp","href":"https:\/\/api.w.org\/{rel}","templated":true}]}}