

{"id":419,"date":"2013-04-18T17:58:33","date_gmt":"2013-04-18T17:58:33","guid":{"rendered":"http:\/\/fciv.ws.uajms.edu.bo\/?p=419"},"modified":"2013-04-18T17:58:33","modified_gmt":"2013-04-18T17:58:33","slug":"defensa-de-diplomado-en-teoria-practica-pedagogica-universitaria","status":"publish","type":"post","link":"https:\/\/www.uajms.edu.bo\/fciv\/2013\/04\/18\/defensa-de-diplomado-en-teoria-practica-pedagogica-universitaria\/","title":{"rendered":"Defensa de Diplomado en Teor\u00eda y Pr\u00e1ctica Pedag\u00f3gica Universitaria"},"content":{"rendered":"<p style=\"text-align: center\"><strong>UNIVERSIDAD AUT\u00d3NOMA \u00abJUAN MISAEL SARACHO\u00bb<\/strong><br \/>\n<strong> SECRETARIA DE EDUCACI\u00d3N CONTINUA<\/strong><br \/>\n<strong> DIRECCI\u00d3N DE POSGRADO<\/strong><\/p>\n<p style=\"text-align: justify\">la Direcci\u00f3n de Posgrado de la Universidad Aut\u00f3noma \u00abJUAN MISAEL SARACHO\u00bb, se hizo presente en dependencias de la Facultad de Ciencias Integradas de Villa Montes, a objeto de dar inicio al rol de\u00a0defensa del Trabajo Final del DIPLOMADO EN TEOR\u00cdA Y PR\u00c1CTICA PEDAG\u00d3GICA UNIVERSITARIA -VERSION III, con un \u00a0tribunal\u00a0conformado por los profesionales MSC. LIC. MA. JULIA ACOSTA DE PE\u00d1ARRIETA, MSC. LIC. MA. DEL ROSARIO ZURITA, MSC. LIC. JULIO VELASQUEZ, \u00a0MSC. ING. ENRRIQUE BARRETO, y el MSC. ING. FIDEL LENIN IBARRA GUERRERO.<\/p>\n<p style=\"text-align: justify\">Los Profesionales que dictar\u00f3n el Diplomado fueron: MSC. Lic. Villma Llanos Segovia, MSC. Ing. Bernardo Claure y MSC. Lic. Susana Smilts.<\/p>\n<p style=\"text-align: justify\">Los 33 postulantes que llegaron a esta etapa, cumplieron con la aprobaci\u00f3n de todas las asignaturas y dem\u00e1s actividades, comprendidas en el Plan de Estudios de dicho Diplomado.<\/p>\n","protected":false},"excerpt":{"rendered":"<p>UNIVERSIDAD AUT\u00d3NOMA \u00abJUAN MISAEL SARACHO\u00bb SECRETARIA DE EDUCACI\u00d3N CONTINUA DIRECCI\u00d3N DE POSGRADO la Direcci\u00f3n de Posgrado de la Universidad Aut\u00f3noma \u00abJUAN MISAEL SARACHO\u00bb, se hizo presente en dependencias de la Facultad de Ciencias Integradas de Villa Montes, a objeto de &hellip; <a href=\"https:\/\/www.uajms.edu.bo\/fciv\/2013\/04\/18\/defensa-de-diplomado-en-teoria-practica-pedagogica-universitaria\/\">Sigue leyendo <span class=\"meta-nav\">&rarr;<\/span><\/a><\/p>\n","protected":false},"author":6,"featured_media":0,"comment_status":"open","ping_status":"open","sticky":false,"template":"","format":"standard","meta":{"_joinchat":[],"footnotes":""},"categories":[5],"tags":[],"class_list":["post-419","post","type-post","status-publish","format-standard","hentry","category-noticias"],"views":929,"yoast_head":"<!-- This site is optimized with the Yoast SEO plugin v27.3 - https:\/\/yoast.com\/product\/yoast-seo-wordpress\/ -->\n<title>Defensa de Diplomado en Teor\u00eda y Pr\u00e1ctica Pedag\u00f3gica Universitaria - Facultad de Ciencias Integradas de Villa Montes<\/title>\n<meta name=\"robots\" content=\"index, follow, max-snippet:-1, max-image-preview:large, max-video-preview:-1\" \/>\n<link rel=\"canonical\" href=\"https:\/\/www.uajms.edu.bo\/fciv\/2013\/04\/18\/defensa-de-diplomado-en-teoria-practica-pedagogica-universitaria\/\" \/>\n<meta property=\"og:locale\" content=\"es_ES\" \/>\n<meta property=\"og:type\" content=\"article\" \/>\n<meta property=\"og:title\" content=\"Defensa de Diplomado en Teor\u00eda y Pr\u00e1ctica Pedag\u00f3gica Universitaria - Facultad de Ciencias Integradas de Villa Montes\" \/>\n<meta property=\"og:description\" content=\"UNIVERSIDAD AUT\u00d3NOMA \u00abJUAN MISAEL SARACHO\u00bb SECRETARIA DE EDUCACI\u00d3N CONTINUA DIRECCI\u00d3N DE POSGRADO la Direcci\u00f3n de Posgrado de la Universidad Aut\u00f3noma \u00abJUAN MISAEL SARACHO\u00bb, se hizo presente en dependencias de la Facultad de Ciencias Integradas de Villa Montes, a objeto de &hellip; Sigue leyendo &rarr;\" \/>\n<meta property=\"og:url\" content=\"https:\/\/www.uajms.edu.bo\/fciv\/2013\/04\/18\/defensa-de-diplomado-en-teoria-practica-pedagogica-universitaria\/\" \/>\n<meta property=\"og:site_name\" content=\"Facultad de Ciencias Integradas de Villa Montes\" \/>\n<meta property=\"article:published_time\" content=\"2013-04-18T17:58:33+00:00\" \/>\n<meta name=\"twitter:card\" content=\"summary_large_image\" \/>\n<meta name=\"twitter:label1\" content=\"Escrito por\" \/>\n\t<meta name=\"twitter:data1\" content=\"\" \/>\n\t<meta name=\"twitter:label2\" content=\"Tiempo de lectura\" \/>\n\t<meta name=\"twitter:data2\" content=\"1 minuto\" \/>\n<script type=\"application\/ld+json\" class=\"yoast-schema-graph\">{\"@context\":\"https:\\\/\\\/schema.org\",\"@graph\":[{\"@type\":\"Article\",\"@id\":\"https:\\\/\\\/www.uajms.edu.bo\\\/fciv\\\/2013\\\/04\\\/18\\\/defensa-de-diplomado-en-teoria-practica-pedagogica-universitaria\\\/#article\",\"isPartOf\":{\"@id\":\"https:\\\/\\\/www.uajms.edu.bo\\\/fciv\\\/2013\\\/04\\\/18\\\/defensa-de-diplomado-en-teoria-practica-pedagogica-universitaria\\\/\"},\"author\":{\"name\":\"\",\"@id\":\"\"},\"headline\":\"Defensa de Diplomado en Teor\u00eda y Pr\u00e1ctica Pedag\u00f3gica Universitaria\",\"datePublished\":\"2013-04-18T17:58:33+00:00\",\"mainEntityOfPage\":{\"@id\":\"https:\\\/\\\/www.uajms.edu.bo\\\/fciv\\\/2013\\\/04\\\/18\\\/defensa-de-diplomado-en-teoria-practica-pedagogica-universitaria\\\/\"},\"wordCount\":167,\"commentCount\":0,\"articleSection\":[\"NOTICIAS\"],\"inLanguage\":\"es\",\"potentialAction\":[{\"@type\":\"CommentAction\",\"name\":\"Comment\",\"target\":[\"https:\\\/\\\/www.uajms.edu.bo\\\/fciv\\\/2013\\\/04\\\/18\\\/defensa-de-diplomado-en-teoria-practica-pedagogica-universitaria\\\/#respond\"]}]},{\"@type\":\"WebPage\",\"@id\":\"https:\\\/\\\/www.uajms.edu.bo\\\/fciv\\\/2013\\\/04\\\/18\\\/defensa-de-diplomado-en-teoria-practica-pedagogica-universitaria\\\/\",\"url\":\"https:\\\/\\\/www.uajms.edu.bo\\\/fciv\\\/2013\\\/04\\\/18\\\/defensa-de-diplomado-en-teoria-practica-pedagogica-universitaria\\\/\",\"name\":\"Defensa de Diplomado en Teor\u00eda y Pr\u00e1ctica Pedag\u00f3gica Universitaria - Facultad de Ciencias Integradas de Villa Montes\",\"isPartOf\":{\"@id\":\"https:\\\/\\\/www.uajms.edu.bo\\\/fciv\\\/#website\"},\"datePublished\":\"2013-04-18T17:58:33+00:00\",\"author\":{\"@id\":\"\"},\"breadcrumb\":{\"@id\":\"https:\\\/\\\/www.uajms.edu.bo\\\/fciv\\\/2013\\\/04\\\/18\\\/defensa-de-diplomado-en-teoria-practica-pedagogica-universitaria\\\/#breadcrumb\"},\"inLanguage\":\"es\",\"potentialAction\":[{\"@type\":\"ReadAction\",\"target\":[\"https:\\\/\\\/www.uajms.edu.bo\\\/fciv\\\/2013\\\/04\\\/18\\\/defensa-de-diplomado-en-teoria-practica-pedagogica-universitaria\\\/\"]}]},{\"@type\":\"BreadcrumbList\",\"@id\":\"https:\\\/\\\/www.uajms.edu.bo\\\/fciv\\\/2013\\\/04\\\/18\\\/defensa-de-diplomado-en-teoria-practica-pedagogica-universitaria\\\/#breadcrumb\",\"itemListElement\":[{\"@type\":\"ListItem\",\"position\":1,\"name\":\"Home\",\"item\":\"https:\\\/\\\/www.uajms.edu.bo\\\/fciv\\\/\"},{\"@type\":\"ListItem\",\"position\":2,\"name\":\"Defensa de Diplomado en Teor\u00eda y Pr\u00e1ctica Pedag\u00f3gica Universitaria\"}]},{\"@type\":\"WebSite\",\"@id\":\"https:\\\/\\\/www.uajms.edu.bo\\\/fciv\\\/#website\",\"url\":\"https:\\\/\\\/www.uajms.edu.bo\\\/fciv\\\/\",\"name\":\"Facultad de Ciencias Integradas de Villa Montes\",\"description\":\"FCIVM\",\"potentialAction\":[{\"@type\":\"SearchAction\",\"target\":{\"@type\":\"EntryPoint\",\"urlTemplate\":\"https:\\\/\\\/www.uajms.edu.bo\\\/fciv\\\/?s={search_term_string}\"},\"query-input\":{\"@type\":\"PropertyValueSpecification\",\"valueRequired\":true,\"valueName\":\"search_term_string\"}}],\"inLanguage\":\"es\"},{\"@type\":\"Person\",\"@id\":\"\",\"url\":\"https:\\\/\\\/www.uajms.edu.bo\\\/fciv\\\/author\\\/\"}]}<\/script>\n<!-- \/ Yoast SEO plugin. -->","yoast_head_json":{"title":"Defensa de Diplomado en Teor\u00eda y Pr\u00e1ctica Pedag\u00f3gica Universitaria - Facultad de Ciencias Integradas de Villa Montes","robots":{"index":"index","follow":"follow","max-snippet":"max-snippet:-1","max-image-preview":"max-image-preview:large","max-video-preview":"max-video-preview:-1"},"canonical":"https:\/\/www.uajms.edu.bo\/fciv\/2013\/04\/18\/defensa-de-diplomado-en-teoria-practica-pedagogica-universitaria\/","og_locale":"es_ES","og_type":"article","og_title":"Defensa de Diplomado en Teor\u00eda y Pr\u00e1ctica Pedag\u00f3gica Universitaria - Facultad de Ciencias Integradas de Villa Montes","og_description":"UNIVERSIDAD AUT\u00d3NOMA \u00abJUAN MISAEL SARACHO\u00bb SECRETARIA DE EDUCACI\u00d3N CONTINUA DIRECCI\u00d3N DE POSGRADO la Direcci\u00f3n de Posgrado de la Universidad Aut\u00f3noma \u00abJUAN MISAEL SARACHO\u00bb, se hizo presente en dependencias de la Facultad de Ciencias Integradas de Villa Montes, a objeto de &hellip; Sigue leyendo &rarr;","og_url":"https:\/\/www.uajms.edu.bo\/fciv\/2013\/04\/18\/defensa-de-diplomado-en-teoria-practica-pedagogica-universitaria\/","og_site_name":"Facultad de Ciencias Integradas de Villa Montes","article_published_time":"2013-04-18T17:58:33+00:00","twitter_card":"summary_large_image","twitter_misc":{"Escrito por":"","Tiempo de lectura":"1 minuto"},"schema":{"@context":"https:\/\/schema.org","@graph":[{"@type":"Article","@id":"https:\/\/www.uajms.edu.bo\/fciv\/2013\/04\/18\/defensa-de-diplomado-en-teoria-practica-pedagogica-universitaria\/#article","isPartOf":{"@id":"https:\/\/www.uajms.edu.bo\/fciv\/2013\/04\/18\/defensa-de-diplomado-en-teoria-practica-pedagogica-universitaria\/"},"author":{"name":"","@id":""},"headline":"Defensa de Diplomado en Teor\u00eda y Pr\u00e1ctica Pedag\u00f3gica Universitaria","datePublished":"2013-04-18T17:58:33+00:00","mainEntityOfPage":{"@id":"https:\/\/www.uajms.edu.bo\/fciv\/2013\/04\/18\/defensa-de-diplomado-en-teoria-practica-pedagogica-universitaria\/"},"wordCount":167,"commentCount":0,"articleSection":["NOTICIAS"],"inLanguage":"es","potentialAction":[{"@type":"CommentAction","name":"Comment","target":["https:\/\/www.uajms.edu.bo\/fciv\/2013\/04\/18\/defensa-de-diplomado-en-teoria-practica-pedagogica-universitaria\/#respond"]}]},{"@type":"WebPage","@id":"https:\/\/www.uajms.edu.bo\/fciv\/2013\/04\/18\/defensa-de-diplomado-en-teoria-practica-pedagogica-universitaria\/","url":"https:\/\/www.uajms.edu.bo\/fciv\/2013\/04\/18\/defensa-de-diplomado-en-teoria-practica-pedagogica-universitaria\/","name":"Defensa de Diplomado en Teor\u00eda y Pr\u00e1ctica Pedag\u00f3gica Universitaria - Facultad de Ciencias Integradas de Villa Montes","isPartOf":{"@id":"https:\/\/www.uajms.edu.bo\/fciv\/#website"},"datePublished":"2013-04-18T17:58:33+00:00","author":{"@id":""},"breadcrumb":{"@id":"https:\/\/www.uajms.edu.bo\/fciv\/2013\/04\/18\/defensa-de-diplomado-en-teoria-practica-pedagogica-universitaria\/#breadcrumb"},"inLanguage":"es","potentialAction":[{"@type":"ReadAction","target":["https:\/\/www.uajms.edu.bo\/fciv\/2013\/04\/18\/defensa-de-diplomado-en-teoria-practica-pedagogica-universitaria\/"]}]},{"@type":"BreadcrumbList","@id":"https:\/\/www.uajms.edu.bo\/fciv\/2013\/04\/18\/defensa-de-diplomado-en-teoria-practica-pedagogica-universitaria\/#breadcrumb","itemListElement":[{"@type":"ListItem","position":1,"name":"Home","item":"https:\/\/www.uajms.edu.bo\/fciv\/"},{"@type":"ListItem","position":2,"name":"Defensa de Diplomado en Teor\u00eda y Pr\u00e1ctica Pedag\u00f3gica Universitaria"}]},{"@type":"WebSite","@id":"https:\/\/www.uajms.edu.bo\/fciv\/#website","url":"https:\/\/www.uajms.edu.bo\/fciv\/","name":"Facultad de Ciencias Integradas de Villa Montes","description":"FCIVM","potentialAction":[{"@type":"SearchAction","target":{"@type":"EntryPoint","urlTemplate":"https:\/\/www.uajms.edu.bo\/fciv\/?s={search_term_string}"},"query-input":{"@type":"PropertyValueSpecification","valueRequired":true,"valueName":"search_term_string"}}],"inLanguage":"es"},{"@type":"Person","@id":"","url":"https:\/\/www.uajms.edu.bo\/fciv\/author\/"}]}},"jetpack_featured_media_url":"","publishpress_future_action":{"enabled":false,"date":"2026-05-07 01:33:41","action":"change-status","newStatus":"draft","terms":[],"taxonomy":"category","extraData":[]},"publishpress_future_workflow_manual_trigger":{"enabledWorkflows":[]},"_links":{"self":[{"href":"https:\/\/www.uajms.edu.bo\/fciv\/wp-json\/wp\/v2\/posts\/419","targetHints":{"allow":["GET"]}}],"collection":[{"href":"https:\/\/www.uajms.edu.bo\/fciv\/wp-json\/wp\/v2\/posts"}],"about":[{"href":"https:\/\/www.uajms.edu.bo\/fciv\/wp-json\/wp\/v2\/types\/post"}],"author":[{"embeddable":true,"href":"https:\/\/www.uajms.edu.bo\/fciv\/wp-json\/wp\/v2\/users\/6"}],"replies":[{"embeddable":true,"href":"https:\/\/www.uajms.edu.bo\/fciv\/wp-json\/wp\/v2\/comments?post=419"}],"version-history":[{"count":0,"href":"https:\/\/www.uajms.edu.bo\/fciv\/wp-json\/wp\/v2\/posts\/419\/revisions"}],"wp:attachment":[{"href":"https:\/\/www.uajms.edu.bo\/fciv\/wp-json\/wp\/v2\/media?parent=419"}],"wp:term":[{"taxonomy":"category","embeddable":true,"href":"https:\/\/www.uajms.edu.bo\/fciv\/wp-json\/wp\/v2\/categories?post=419"},{"taxonomy":"post_tag","embeddable":true,"href":"https:\/\/www.uajms.edu.bo\/fciv\/wp-json\/wp\/v2\/tags?post=419"}],"curies":[{"name":"wp","href":"https:\/\/api.w.org\/{rel}","templated":true}]}}