

{"id":390,"date":"2013-04-16T17:09:25","date_gmt":"2013-04-16T17:09:25","guid":{"rendered":"http:\/\/fciv.ws.uajms.edu.bo\/?p=390"},"modified":"2013-04-16T17:09:25","modified_gmt":"2013-04-16T17:09:25","slug":"firma-convenio-desarrollo-de-capacidades","status":"publish","type":"post","link":"https:\/\/www.uajms.edu.bo\/fciv\/2013\/04\/16\/firma-convenio-desarrollo-de-capacidades\/","title":{"rendered":"Firma Convenio \u00abDESARROLLO DE CAPACIDADES\u00bb"},"content":{"rendered":"<p>El Rector de nuestra prestigiosa Superior Casa de Estudios \u00abJuan Misael Saracho\u00bb Ing. Marcelo Hoyos, visita nuestra Ciudad de Villa Montes. Participar\u00e1 en la firma del convenio \u00abDESARROLLO DE CAPACIDADES\u00bb entre Yacimientos Petrol\u00edferos Fiscales Bolivianos\u00a0YPFB, REPSOL, PETROBRAS, BG Y TOTAL. Acto que se llevar\u00e1 a cabo Hoy a horas 19:00 en el Sal\u00f3n Auditorio de la Vicepresidencia de Administraci\u00f3n de Contratos y Fiscalizaci\u00f3n, ubicada en calle La Paz esquina Avaroa Edificio CERPI.<\/p>\n","protected":false},"excerpt":{"rendered":"<p>El Rector de nuestra prestigiosa Superior Casa de Estudios \u00abJuan Misael Saracho\u00bb Ing. Marcelo Hoyos, visita nuestra Ciudad de Villa Montes. Participar\u00e1 en la firma del convenio \u00abDESARROLLO DE CAPACIDADES\u00bb entre Yacimientos Petrol\u00edferos Fiscales Bolivianos\u00a0YPFB, REPSOL, PETROBRAS, BG Y TOTAL. &hellip; <a href=\"https:\/\/www.uajms.edu.bo\/fciv\/2013\/04\/16\/firma-convenio-desarrollo-de-capacidades\/\">Sigue leyendo <span class=\"meta-nav\">&rarr;<\/span><\/a><\/p>\n","protected":false},"author":6,"featured_media":0,"comment_status":"open","ping_status":"open","sticky":false,"template":"","format":"standard","meta":{"_joinchat":[],"footnotes":""},"categories":[5],"tags":[],"class_list":["post-390","post","type-post","status-publish","format-standard","hentry","category-noticias"],"views":533,"yoast_head":"<!-- This site is optimized with the Yoast SEO plugin v27.3 - https:\/\/yoast.com\/product\/yoast-seo-wordpress\/ -->\n<title>Firma Convenio &quot;DESARROLLO DE CAPACIDADES&quot; - Facultad de Ciencias Integradas de Villa Montes<\/title>\n<meta name=\"robots\" content=\"index, follow, max-snippet:-1, max-image-preview:large, max-video-preview:-1\" \/>\n<link rel=\"canonical\" href=\"https:\/\/www.uajms.edu.bo\/fciv\/2013\/04\/16\/firma-convenio-desarrollo-de-capacidades\/\" \/>\n<meta property=\"og:locale\" content=\"es_ES\" \/>\n<meta property=\"og:type\" content=\"article\" \/>\n<meta property=\"og:title\" content=\"Firma Convenio &quot;DESARROLLO DE CAPACIDADES&quot; - Facultad de Ciencias Integradas de Villa Montes\" \/>\n<meta property=\"og:description\" content=\"El Rector de nuestra prestigiosa Superior Casa de Estudios \u00abJuan Misael Saracho\u00bb Ing. Marcelo Hoyos, visita nuestra Ciudad de Villa Montes. Participar\u00e1 en la firma del convenio \u00abDESARROLLO DE CAPACIDADES\u00bb entre Yacimientos Petrol\u00edferos Fiscales Bolivianos\u00a0YPFB, REPSOL, PETROBRAS, BG Y TOTAL. &hellip; Sigue leyendo &rarr;\" \/>\n<meta property=\"og:url\" content=\"https:\/\/www.uajms.edu.bo\/fciv\/2013\/04\/16\/firma-convenio-desarrollo-de-capacidades\/\" \/>\n<meta property=\"og:site_name\" content=\"Facultad de Ciencias Integradas de Villa Montes\" \/>\n<meta property=\"article:published_time\" content=\"2013-04-16T17:09:25+00:00\" \/>\n<meta name=\"twitter:card\" content=\"summary_large_image\" \/>\n<meta name=\"twitter:label1\" content=\"Escrito por\" \/>\n\t<meta name=\"twitter:data1\" content=\"\" \/>\n<script type=\"application\/ld+json\" class=\"yoast-schema-graph\">{\"@context\":\"https:\\\/\\\/schema.org\",\"@graph\":[{\"@type\":\"Article\",\"@id\":\"https:\\\/\\\/www.uajms.edu.bo\\\/fciv\\\/2013\\\/04\\\/16\\\/firma-convenio-desarrollo-de-capacidades\\\/#article\",\"isPartOf\":{\"@id\":\"https:\\\/\\\/www.uajms.edu.bo\\\/fciv\\\/2013\\\/04\\\/16\\\/firma-convenio-desarrollo-de-capacidades\\\/\"},\"author\":{\"name\":\"\",\"@id\":\"\"},\"headline\":\"Firma Convenio \u00abDESARROLLO DE CAPACIDADES\u00bb\",\"datePublished\":\"2013-04-16T17:09:25+00:00\",\"mainEntityOfPage\":{\"@id\":\"https:\\\/\\\/www.uajms.edu.bo\\\/fciv\\\/2013\\\/04\\\/16\\\/firma-convenio-desarrollo-de-capacidades\\\/\"},\"wordCount\":81,\"commentCount\":0,\"articleSection\":[\"NOTICIAS\"],\"inLanguage\":\"es\",\"potentialAction\":[{\"@type\":\"CommentAction\",\"name\":\"Comment\",\"target\":[\"https:\\\/\\\/www.uajms.edu.bo\\\/fciv\\\/2013\\\/04\\\/16\\\/firma-convenio-desarrollo-de-capacidades\\\/#respond\"]}]},{\"@type\":\"WebPage\",\"@id\":\"https:\\\/\\\/www.uajms.edu.bo\\\/fciv\\\/2013\\\/04\\\/16\\\/firma-convenio-desarrollo-de-capacidades\\\/\",\"url\":\"https:\\\/\\\/www.uajms.edu.bo\\\/fciv\\\/2013\\\/04\\\/16\\\/firma-convenio-desarrollo-de-capacidades\\\/\",\"name\":\"Firma Convenio \\\"DESARROLLO DE CAPACIDADES\\\" - Facultad de Ciencias Integradas de Villa Montes\",\"isPartOf\":{\"@id\":\"https:\\\/\\\/www.uajms.edu.bo\\\/fciv\\\/#website\"},\"datePublished\":\"2013-04-16T17:09:25+00:00\",\"author\":{\"@id\":\"\"},\"breadcrumb\":{\"@id\":\"https:\\\/\\\/www.uajms.edu.bo\\\/fciv\\\/2013\\\/04\\\/16\\\/firma-convenio-desarrollo-de-capacidades\\\/#breadcrumb\"},\"inLanguage\":\"es\",\"potentialAction\":[{\"@type\":\"ReadAction\",\"target\":[\"https:\\\/\\\/www.uajms.edu.bo\\\/fciv\\\/2013\\\/04\\\/16\\\/firma-convenio-desarrollo-de-capacidades\\\/\"]}]},{\"@type\":\"BreadcrumbList\",\"@id\":\"https:\\\/\\\/www.uajms.edu.bo\\\/fciv\\\/2013\\\/04\\\/16\\\/firma-convenio-desarrollo-de-capacidades\\\/#breadcrumb\",\"itemListElement\":[{\"@type\":\"ListItem\",\"position\":1,\"name\":\"Home\",\"item\":\"https:\\\/\\\/www.uajms.edu.bo\\\/fciv\\\/\"},{\"@type\":\"ListItem\",\"position\":2,\"name\":\"Firma Convenio \u00abDESARROLLO DE CAPACIDADES\u00bb\"}]},{\"@type\":\"WebSite\",\"@id\":\"https:\\\/\\\/www.uajms.edu.bo\\\/fciv\\\/#website\",\"url\":\"https:\\\/\\\/www.uajms.edu.bo\\\/fciv\\\/\",\"name\":\"Facultad de Ciencias Integradas de Villa Montes\",\"description\":\"FCIVM\",\"potentialAction\":[{\"@type\":\"SearchAction\",\"target\":{\"@type\":\"EntryPoint\",\"urlTemplate\":\"https:\\\/\\\/www.uajms.edu.bo\\\/fciv\\\/?s={search_term_string}\"},\"query-input\":{\"@type\":\"PropertyValueSpecification\",\"valueRequired\":true,\"valueName\":\"search_term_string\"}}],\"inLanguage\":\"es\"},{\"@type\":\"Person\",\"@id\":\"\",\"url\":\"https:\\\/\\\/www.uajms.edu.bo\\\/fciv\\\/author\\\/\"}]}<\/script>\n<!-- \/ Yoast SEO plugin. -->","yoast_head_json":{"title":"Firma Convenio \"DESARROLLO DE CAPACIDADES\" - Facultad de Ciencias Integradas de Villa Montes","robots":{"index":"index","follow":"follow","max-snippet":"max-snippet:-1","max-image-preview":"max-image-preview:large","max-video-preview":"max-video-preview:-1"},"canonical":"https:\/\/www.uajms.edu.bo\/fciv\/2013\/04\/16\/firma-convenio-desarrollo-de-capacidades\/","og_locale":"es_ES","og_type":"article","og_title":"Firma Convenio \"DESARROLLO DE CAPACIDADES\" - Facultad de Ciencias Integradas de Villa Montes","og_description":"El Rector de nuestra prestigiosa Superior Casa de Estudios \u00abJuan Misael Saracho\u00bb Ing. Marcelo Hoyos, visita nuestra Ciudad de Villa Montes. Participar\u00e1 en la firma del convenio \u00abDESARROLLO DE CAPACIDADES\u00bb entre Yacimientos Petrol\u00edferos Fiscales Bolivianos\u00a0YPFB, REPSOL, PETROBRAS, BG Y TOTAL. &hellip; Sigue leyendo &rarr;","og_url":"https:\/\/www.uajms.edu.bo\/fciv\/2013\/04\/16\/firma-convenio-desarrollo-de-capacidades\/","og_site_name":"Facultad de Ciencias Integradas de Villa Montes","article_published_time":"2013-04-16T17:09:25+00:00","twitter_card":"summary_large_image","twitter_misc":{"Escrito por":""},"schema":{"@context":"https:\/\/schema.org","@graph":[{"@type":"Article","@id":"https:\/\/www.uajms.edu.bo\/fciv\/2013\/04\/16\/firma-convenio-desarrollo-de-capacidades\/#article","isPartOf":{"@id":"https:\/\/www.uajms.edu.bo\/fciv\/2013\/04\/16\/firma-convenio-desarrollo-de-capacidades\/"},"author":{"name":"","@id":""},"headline":"Firma Convenio \u00abDESARROLLO DE CAPACIDADES\u00bb","datePublished":"2013-04-16T17:09:25+00:00","mainEntityOfPage":{"@id":"https:\/\/www.uajms.edu.bo\/fciv\/2013\/04\/16\/firma-convenio-desarrollo-de-capacidades\/"},"wordCount":81,"commentCount":0,"articleSection":["NOTICIAS"],"inLanguage":"es","potentialAction":[{"@type":"CommentAction","name":"Comment","target":["https:\/\/www.uajms.edu.bo\/fciv\/2013\/04\/16\/firma-convenio-desarrollo-de-capacidades\/#respond"]}]},{"@type":"WebPage","@id":"https:\/\/www.uajms.edu.bo\/fciv\/2013\/04\/16\/firma-convenio-desarrollo-de-capacidades\/","url":"https:\/\/www.uajms.edu.bo\/fciv\/2013\/04\/16\/firma-convenio-desarrollo-de-capacidades\/","name":"Firma Convenio \"DESARROLLO DE CAPACIDADES\" - Facultad de Ciencias Integradas de Villa Montes","isPartOf":{"@id":"https:\/\/www.uajms.edu.bo\/fciv\/#website"},"datePublished":"2013-04-16T17:09:25+00:00","author":{"@id":""},"breadcrumb":{"@id":"https:\/\/www.uajms.edu.bo\/fciv\/2013\/04\/16\/firma-convenio-desarrollo-de-capacidades\/#breadcrumb"},"inLanguage":"es","potentialAction":[{"@type":"ReadAction","target":["https:\/\/www.uajms.edu.bo\/fciv\/2013\/04\/16\/firma-convenio-desarrollo-de-capacidades\/"]}]},{"@type":"BreadcrumbList","@id":"https:\/\/www.uajms.edu.bo\/fciv\/2013\/04\/16\/firma-convenio-desarrollo-de-capacidades\/#breadcrumb","itemListElement":[{"@type":"ListItem","position":1,"name":"Home","item":"https:\/\/www.uajms.edu.bo\/fciv\/"},{"@type":"ListItem","position":2,"name":"Firma Convenio \u00abDESARROLLO DE CAPACIDADES\u00bb"}]},{"@type":"WebSite","@id":"https:\/\/www.uajms.edu.bo\/fciv\/#website","url":"https:\/\/www.uajms.edu.bo\/fciv\/","name":"Facultad de Ciencias Integradas de Villa Montes","description":"FCIVM","potentialAction":[{"@type":"SearchAction","target":{"@type":"EntryPoint","urlTemplate":"https:\/\/www.uajms.edu.bo\/fciv\/?s={search_term_string}"},"query-input":{"@type":"PropertyValueSpecification","valueRequired":true,"valueName":"search_term_string"}}],"inLanguage":"es"},{"@type":"Person","@id":"","url":"https:\/\/www.uajms.edu.bo\/fciv\/author\/"}]}},"jetpack_featured_media_url":"","publishpress_future_action":{"enabled":false,"date":"2026-05-07 01:34:00","action":"change-status","newStatus":"draft","terms":[],"taxonomy":"category","extraData":[]},"publishpress_future_workflow_manual_trigger":{"enabledWorkflows":[]},"_links":{"self":[{"href":"https:\/\/www.uajms.edu.bo\/fciv\/wp-json\/wp\/v2\/posts\/390","targetHints":{"allow":["GET"]}}],"collection":[{"href":"https:\/\/www.uajms.edu.bo\/fciv\/wp-json\/wp\/v2\/posts"}],"about":[{"href":"https:\/\/www.uajms.edu.bo\/fciv\/wp-json\/wp\/v2\/types\/post"}],"author":[{"embeddable":true,"href":"https:\/\/www.uajms.edu.bo\/fciv\/wp-json\/wp\/v2\/users\/6"}],"replies":[{"embeddable":true,"href":"https:\/\/www.uajms.edu.bo\/fciv\/wp-json\/wp\/v2\/comments?post=390"}],"version-history":[{"count":0,"href":"https:\/\/www.uajms.edu.bo\/fciv\/wp-json\/wp\/v2\/posts\/390\/revisions"}],"wp:attachment":[{"href":"https:\/\/www.uajms.edu.bo\/fciv\/wp-json\/wp\/v2\/media?parent=390"}],"wp:term":[{"taxonomy":"category","embeddable":true,"href":"https:\/\/www.uajms.edu.bo\/fciv\/wp-json\/wp\/v2\/categories?post=390"},{"taxonomy":"post_tag","embeddable":true,"href":"https:\/\/www.uajms.edu.bo\/fciv\/wp-json\/wp\/v2\/tags?post=390"}],"curies":[{"name":"wp","href":"https:\/\/api.w.org\/{rel}","templated":true}]}}